{"id":816,"date":"2021-01-25T12:57:48","date_gmt":"2021-01-25T11:57:48","guid":{"rendered":"http:\/\/andreastheobald.com\/?p=816"},"modified":"2021-02-03T12:22:38","modified_gmt":"2021-02-03T11:22:38","slug":"aufnahme-meiner-debut-cd","status":"publish","type":"post","link":"https:\/\/andreastheobald.com\/en\/aufnahme-meiner-debut-cd","title":{"rendered":"Aufnahme meiner Deb\u00fct CD"},"content":{"rendered":"\n<p>Nach einem halben Jahr Planung und Vorbereitungszeit habe ich mir letzte Woche einen gro\u00dfen Traum erf\u00fcllt. An drei Aufnahmetagen habe ich insgesamt neun meiner eigenen St\u00fccke als Aufnahme festhalten d\u00fcrfen. Mit Felix Ambach am Schlagzeug und Calvin Lennig am Bass hat mich dabei meine Wohlf\u00fchl-Rhythmusgruppe begleitet und in den R\u00e4umen des Hansa-Haus Studios mit Klaus Genuit als Tonmeister kam f\u00fcr mich ein Gef\u00fchl von nach Hause kommen auf. Das I-T\u00fcpfelchen haben aber noch zwei G\u00e4ste auf die ganze Musik gesetzt. Mit Ferdinand Schwarz an der Trompete und Paul Heller am Saxofon, haben ein weiterer Weggef\u00e4hrte und ein Idol von mir mitgespielt, die ich beide sehr bewundere!<\/p>\n<p>Ich erinnere mich noch gut daran, wie ich vor einigen Jahren als Sch\u00fcler meinen Lehrer Marcus Schinkel bei einer seiner Aufnahmen in diese Studior\u00e4ume begleitet habe. Sp\u00e4ter, habe ich dann dort selber mit Richard M\u00fcnchhoff, der Band Bungalow und mit dem JJO NRW aufgenommen.<\/p>\n<p>Bis zum Herbst versuche ich die aktuell entstandenen Aufnahmen als CD und auf den g\u00e4ngigen Plattformen zu ver\u00f6ffentlichen. Ich bin sehr stolz auf die Arbeit und kann es kaum erwarten sie mit der Welt zu teilen.<\/p>\n<p><iframe title=\"Andreas Theobald Trio - Teaser\" width=\"900\" height=\"506\" src=\"https:\/\/www.youtube.com\/embed\/ksGHJQ4215w?feature=oembed\" frameborder=\"0\" allow=\"accelerometer; autoplay; clipboard-write; encrypted-media; gyroscope; picture-in-picture\" allowfullscreen><\/iframe><\/p>\n<p>\u00a0<\/p>\n","protected":false},"excerpt":{"rendered":"<p>Nach einem halben Jahr Planung und Vorbereitungszeit habe ich mir letzte Woche einen gro\u00dfen Traum erf\u00fcllt. An drei Aufnahmetagen habe ich insgesamt neun meiner eigenen St\u00fccke als Aufnahme festhalten d\u00fcrfen. [&hellip;]<\/p>\n","protected":false},"author":1,"featured_media":817,"comment_status":"closed","ping_status":"closed","sticky":false,"template":"","format":"standard","meta":{"footnotes":""},"categories":[5],"tags":[],"class_list":["post-816","post","type-post","status-publish","format-standard","has-post-thumbnail","hentry","category-news"],"_links":{"self":[{"href":"https:\/\/andreastheobald.com\/en\/wp-json\/wp\/v2\/posts\/816","targetHints":{"allow":["GET"]}}],"collection":[{"href":"https:\/\/andreastheobald.com\/en\/wp-json\/wp\/v2\/posts"}],"about":[{"href":"https:\/\/andreastheobald.com\/en\/wp-json\/wp\/v2\/types\/post"}],"author":[{"embeddable":true,"href":"https:\/\/andreastheobald.com\/en\/wp-json\/wp\/v2\/users\/1"}],"replies":[{"embeddable":true,"href":"https:\/\/andreastheobald.com\/en\/wp-json\/wp\/v2\/comments?post=816"}],"version-history":[{"count":4,"href":"https:\/\/andreastheobald.com\/en\/wp-json\/wp\/v2\/posts\/816\/revisions"}],"predecessor-version":[{"id":986,"href":"https:\/\/andreastheobald.com\/en\/wp-json\/wp\/v2\/posts\/816\/revisions\/986"}],"wp:featuredmedia":[{"embeddable":true,"href":"https:\/\/andreastheobald.com\/en\/wp-json\/wp\/v2\/media\/817"}],"wp:attachment":[{"href":"https:\/\/andreastheobald.com\/en\/wp-json\/wp\/v2\/media?parent=816"}],"wp:term":[{"taxonomy":"category","embeddable":true,"href":"https:\/\/andreastheobald.com\/en\/wp-json\/wp\/v2\/categories?post=816"},{"taxonomy":"post_tag","embeddable":true,"href":"https:\/\/andreastheobald.com\/en\/wp-json\/wp\/v2\/tags?post=816"}],"curies":[{"name":"wp","href":"https:\/\/api.w.org\/{rel}","templated":true}]}}