{"id":437,"date":"2019-01-07T22:14:50","date_gmt":"2019-01-07T22:14:50","guid":{"rendered":"http:\/\/andreastheobald.com\/?p=437"},"modified":"2021-11-22T16:26:20","modified_gmt":"2021-11-22T15:26:20","slug":"jazz-fuer-muensteraner-kinder","status":"publish","type":"post","link":"https:\/\/andreastheobald.com\/en\/jazz-fuer-muensteraner-kinder","title":{"rendered":"Young Persons Guide to the Bigband"},"content":{"rendered":"\n<p class=\"wp-block-paragraph\">Eigentlich gilt das JugendJazzOrchester NRW ja als eine Institution, die sich der F\u00f6rderung des Jazznachwuchses verschrieben hat. Nun habe ich pers\u00f6nlich diesen Bildungsauftrag meistens jedoch auf die Mitglieder des Auswahlorchesters bezogen. Diesen Sonntag waren es allerdings die Mitglieder des Orchesters selbst, die diesen Auftrag erf\u00fcllten. Im Rahmen des Internationalen Jazzfestivals M\u00fcnster hatten wir die besondere Freude Kindern die Jazz- und Big Band Historie n\u00e4her zu bringen. Schon letztes Jahr waren wir mit dem Orchester in den Niederlanden auf Tournee und spielten das eigentlich niederl\u00e4ndische Kinderprogramm mit dem gro\u00dfartigen Entertainer Edwin Rutten. Angelehnt an die klassische Version von Benjamin Britten hat der deutsch-niederl\u00e4ndische Bigband-Leiter Konrad Kosselleck den &#8220;Young Person&#8217;s Guide to the Big Band&#8221; geschrieben, der nun extra f\u00fcr uns auf Deutsch \u00fcbersetzt wurde. Christiane Hagedorn, Jazzs\u00e4ngerin aus M\u00fcnster schl\u00fcpfte dabei in die Rolle der Erz\u00e4hlerin. Nach etwa einer Stunde war das junge Publikum aus dem H\u00e4uschen. Als Konrad Kosselleck nach dem Konzert ins Publikum fragte, welche der vorgestellten Instrumente die Kinder den nun gerne lernen wollen w\u00fcrden, gaben sehr viele das Klavier an. Das hat mich nat\u00fcrlich besonders gefreut!<\/p>\n\n\n\n<div style=\"height:79px\" aria-hidden=\"true\" class=\"wp-block-spacer\"><\/div>\n\n\n\n<p class=\"wp-block-paragraph\">Hier gibt es einen sch\u00f6nen Artikel aus den &#8220;Westf\u00e4lischen Nachrichten&#8221;:<\/p>\n\n\n\n<p class=\"wp-block-paragraph\"><a href=\"https:\/\/www.wn.de\/Muenster\/Kultur\/3607089-Familienkonzert-beim-Internationalen-Jazzfestival-Maenneken-Bebop-und-seine-Jazz-Cat?utm_source=WN&amp;utm_medium=GalleryLastImage&amp;utm_campaign=GalleryLastImage\" target=\"_blank\" rel=\"noopener\">https:\/\/www.wn.de\/Muenster\/Kultur\/3607089-Familienkonzert-beim-Internationalen-Jazzfestival-Maenneken-Bebop-und-seine-Jazz-Cat?utm_source=WN&amp;utm_medium=GalleryLastImage&amp;utm_campaign=GalleryLastImage<\/a><\/p>\n\n\n\n<div style=\"height:36px\" aria-hidden=\"true\" class=\"wp-block-spacer\"><\/div>\n\n\n\n<p class=\"wp-block-paragraph\">Hier das niederl\u00e4ndische Original zum klassischen Orchester und der Big Band:<\/p>\n\n\n\n<figure class=\"wp-block-embed is-type-rich is-provider-spotify wp-block-embed-spotify wp-embed-aspect-21-9 wp-has-aspect-ratio\"><div class=\"wp-block-embed__wrapper\">\n<iframe src=\"https:\/\/open.spotify.com\/embed\/album\/2QfQrFybRV5MLwwbdWmGqq\" width=\"300\" height=\"380\" frameborder=\"0\" allowtransparency=\"true\" allow=\"encrypted-media\"><\/iframe>\n<\/div><\/figure>\n\n\n\n<p class=\"wp-block-paragraph\">(Foto: Gunnar A. Pier)<\/p>\n","protected":false},"excerpt":{"rendered":"<p>Eigentlich gilt das JugendJazzOrchester NRW ja als eine Institution, die sich der F\u00f6rderung des Jazznachwuchses verschrieben hat. Nun habe ich pers\u00f6nlich diesen Bildungsauftrag meistens jedoch auf die Mitglieder des Auswahlorchesters [&hellip;]<\/p>\n","protected":false},"author":1,"featured_media":444,"comment_status":"closed","ping_status":"closed","sticky":false,"template":"","format":"standard","meta":{"footnotes":""},"categories":[5],"tags":[],"class_list":["post-437","post","type-post","status-publish","format-standard","has-post-thumbnail","hentry","category-news"],"_links":{"self":[{"href":"https:\/\/andreastheobald.com\/en\/wp-json\/wp\/v2\/posts\/437","targetHints":{"allow":["GET"]}}],"collection":[{"href":"https:\/\/andreastheobald.com\/en\/wp-json\/wp\/v2\/posts"}],"about":[{"href":"https:\/\/andreastheobald.com\/en\/wp-json\/wp\/v2\/types\/post"}],"author":[{"embeddable":true,"href":"https:\/\/andreastheobald.com\/en\/wp-json\/wp\/v2\/users\/1"}],"replies":[{"embeddable":true,"href":"https:\/\/andreastheobald.com\/en\/wp-json\/wp\/v2\/comments?post=437"}],"version-history":[{"count":11,"href":"https:\/\/andreastheobald.com\/en\/wp-json\/wp\/v2\/posts\/437\/revisions"}],"predecessor-version":[{"id":1315,"href":"https:\/\/andreastheobald.com\/en\/wp-json\/wp\/v2\/posts\/437\/revisions\/1315"}],"wp:featuredmedia":[{"embeddable":true,"href":"https:\/\/andreastheobald.com\/en\/wp-json\/wp\/v2\/media\/444"}],"wp:attachment":[{"href":"https:\/\/andreastheobald.com\/en\/wp-json\/wp\/v2\/media?parent=437"}],"wp:term":[{"taxonomy":"category","embeddable":true,"href":"https:\/\/andreastheobald.com\/en\/wp-json\/wp\/v2\/categories?post=437"},{"taxonomy":"post_tag","embeddable":true,"href":"https:\/\/andreastheobald.com\/en\/wp-json\/wp\/v2\/tags?post=437"}],"curies":[{"name":"wp","href":"https:\/\/api.w.org\/{rel}","templated":true}]}}