{"id":2483,"date":"2026-05-20T13:24:23","date_gmt":"2026-05-20T11:24:23","guid":{"rendered":"https:\/\/andreastheobald.com\/?p=2483"},"modified":"2026-06-21T10:36:34","modified_gmt":"2026-06-21T08:36:34","slug":"elysia-durch-die-klaenge-europas","status":"publish","type":"post","link":"https:\/\/andreastheobald.com\/en\/elysia-durch-die-klaenge-europas","title":{"rendered":"\"Elysia\" - Through the sounds of Europe"},"content":{"rendered":"\t\t<div data-elementor-type=\"wp-post\" data-elementor-id=\"2483\" class=\"elementor elementor-2483\">\n\t\t\t\t\t\t<section class=\"elementor-section elementor-top-section elementor-element elementor-element-4f7657e elementor-section-boxed elementor-section-height-default elementor-section-height-default\" data-id=\"4f7657e\" data-element_type=\"section\" data-e-type=\"section\">\n\t\t\t\t\t\t<div class=\"elementor-container elementor-column-gap-default\">\n\t\t\t\t\t<div class=\"elementor-column elementor-col-50 elementor-top-column elementor-element elementor-element-43d7ad7\" data-id=\"43d7ad7\" data-element_type=\"column\" data-e-type=\"column\">\n\t\t\t<div class=\"elementor-widget-wrap elementor-element-populated\">\n\t\t\t\t\t\t<div class=\"elementor-element elementor-element-b179257 elementor-align-center elementor-widget elementor-widget-button\" data-id=\"b179257\" data-element_type=\"widget\" data-e-type=\"widget\" data-widget_type=\"button.default\">\n\t\t\t\t<div class=\"elementor-widget-container\">\n\t\t\t\t\t\t\t\t\t<div class=\"elementor-button-wrapper\">\n\t\t\t\t\t<a class=\"elementor-button elementor-button-link elementor-size-sm\" href=\"http:\/\/andreastheobald.com\/wp-content\/uploads\/2026\/06\/Programm-22Durch-die-Klaenge-Europas22-Wipperfuerth-1.pdf\">\n\t\t\t\t\t\t<span class=\"elementor-button-content-wrapper\">\n\t\t\t\t\t\t\t\t\t<span class=\"elementor-button-text\">Online Programm Wipperf\u00fcrth<\/span>\n\t\t\t\t\t<\/span>\n\t\t\t\t\t<\/a>\n\t\t\t\t<\/div>\n\t\t\t\t\t\t\t\t<\/div>\n\t\t\t\t<\/div>\n\t\t\t\t\t<\/div>\n\t\t<\/div>\n\t\t\t\t<div class=\"elementor-column elementor-col-50 elementor-top-column elementor-element elementor-element-1090453\" data-id=\"1090453\" data-element_type=\"column\" data-e-type=\"column\">\n\t\t\t<div class=\"elementor-widget-wrap elementor-element-populated\">\n\t\t\t\t\t\t<div class=\"elementor-element elementor-element-42485ef elementor-align-center elementor-widget elementor-widget-button\" data-id=\"42485ef\" data-element_type=\"widget\" data-e-type=\"widget\" data-widget_type=\"button.default\">\n\t\t\t\t<div class=\"elementor-widget-container\">\n\t\t\t\t\t\t\t\t\t<div class=\"elementor-button-wrapper\">\n\t\t\t\t\t<a class=\"elementor-button elementor-button-link elementor-size-sm\" href=\"http:\/\/andreastheobald.com\/wp-content\/uploads\/2026\/06\/Programm-22Elysia22.pdf\">\n\t\t\t\t\t\t<span class=\"elementor-button-content-wrapper\">\n\t\t\t\t\t\t\t\t\t<span class=\"elementor-button-text\">Online Programm K\u00f6ln<\/span>\n\t\t\t\t\t<\/span>\n\t\t\t\t\t<\/a>\n\t\t\t\t<\/div>\n\t\t\t\t\t\t\t\t<\/div>\n\t\t\t\t<\/div>\n\t\t\t\t\t<\/div>\n\t\t<\/div>\n\t\t\t\t\t<\/div>\n\t\t<\/section>\n\t\t\t\t<section class=\"elementor-section elementor-top-section elementor-element elementor-element-96c662f elementor-hidden-mobile elementor-hidden-tablet elementor-section-boxed elementor-section-height-default elementor-section-height-default\" data-id=\"96c662f\" data-element_type=\"section\" data-e-type=\"section\">\n\t\t\t\t\t\t<div class=\"elementor-container elementor-column-gap-default\">\n\t\t\t\t\t<div class=\"elementor-column elementor-col-100 elementor-top-column elementor-element elementor-element-e78d008\" data-id=\"e78d008\" data-element_type=\"column\" data-e-type=\"column\">\n\t\t\t<div class=\"elementor-widget-wrap elementor-element-populated\">\n\t\t\t\t\t\t<section class=\"elementor-section elementor-inner-section elementor-element elementor-element-f915a4e elementor-section-boxed elementor-section-height-default elementor-section-height-default\" data-id=\"f915a4e\" data-element_type=\"section\" data-e-type=\"section\">\n\t\t\t\t\t\t<div class=\"elementor-container elementor-column-gap-default\">\n\t\t\t\t\t<div class=\"elementor-column elementor-col-50 elementor-inner-column elementor-element elementor-element-15f93a0\" data-id=\"15f93a0\" data-element_type=\"column\" data-e-type=\"column\">\n\t\t\t<div class=\"elementor-widget-wrap elementor-element-populated\">\n\t\t\t\t\t\t<div class=\"elementor-element elementor-element-f553592 elementor-widget elementor-widget-text-editor\" data-id=\"f553592\" data-element_type=\"widget\" data-e-type=\"widget\" data-widget_type=\"text-editor.default\">\n\t\t\t\t<div class=\"elementor-widget-container\">\n\t\t\t\t\t\t\t\t\t<h3><span style=\"font-size: 10pt;\">20.6.26, 19.30h &#8211; Kirche St. Nikolaus, Wipperf\u00fcrth<\/span><br style=\"caret-color: #000000; color: #000000;\" \/><span style=\"font-size: 18pt;\">A-Capella Konzert<strong><br \/>&#8220;Durch die Kl\u00e4nge Europas&#8221;<\/strong> <\/span><\/h3>\t\t\t\t\t\t\t\t<\/div>\n\t\t\t\t<\/div>\n\t\t\t\t<div class=\"elementor-element elementor-element-871f3c5 elementor-widget elementor-widget-image\" data-id=\"871f3c5\" data-element_type=\"widget\" data-e-type=\"widget\" data-widget_type=\"image.default\">\n\t\t\t\t<div class=\"elementor-widget-container\">\n\t\t\t\t\t\t\t\t\t\t\t\t<figure class=\"wp-caption\">\n\t\t\t\t\t\t\t\t\t\t<img fetchpriority=\"high\" decoding=\"async\" width=\"900\" height=\"346\" src=\"http:\/\/andreastheobald.com\/wp-content\/uploads\/2026\/05\/Wipperfuerth-1024x394.jpg\" class=\"attachment-large size-large wp-image-2493\" alt=\"\" srcset=\"http:\/\/andreastheobald.com\/wp-content\/uploads\/2026\/05\/Wipperfuerth-1024x394.jpg 1024w, http:\/\/andreastheobald.com\/wp-content\/uploads\/2026\/05\/Wipperfuerth-300x115.jpg 300w, http:\/\/andreastheobald.com\/wp-content\/uploads\/2026\/05\/Wipperfuerth-768x296.jpg 768w, http:\/\/andreastheobald.com\/wp-content\/uploads\/2026\/05\/Wipperfuerth-1536x591.jpg 1536w, http:\/\/andreastheobald.com\/wp-content\/uploads\/2026\/05\/Wipperfuerth-2048x788.jpg 2048w, http:\/\/andreastheobald.com\/wp-content\/uploads\/2026\/05\/Wipperfuerth-780x300.jpg 780w\" sizes=\"(max-width: 900px) 100vw, 900px\">\t\t\t\t\t\t\t\t\t\t\t<figcaption class=\"widget-image-caption wp-caption-text\">Bild von \u00a9 Raimond Spekking<\/figcaption>\n\t\t\t\t\t\t\t\t\t\t<\/figure>\n\t\t\t\t\t\t\t\t\t<\/div>\n\t\t\t\t<\/div>\n\t\t\t\t<div class=\"elementor-element elementor-element-fd51b07 elementor-widget elementor-widget-wp-widget-text\" data-id=\"fd51b07\" data-element_type=\"widget\" data-e-type=\"widget\" data-widget_type=\"wp-widget-text.default\">\n\t\t\t\t<div class=\"elementor-widget-container\">\n\t\t\t\t\t\t\t\t<div class=\"textwidget\"><p><strong><span style=\"font-size: 10pt\">Luciano Biondini (Akkordeon, Italien)<br \/>\nAnastasija Kildi\u0161a (Gesang, Lettland)<br \/>\nAndreas Theobald (Gesang)<br \/>\nAndrey Akhmetov (Gesang)<\/span><\/strong><\/p>\n<p><span style=\"font-size: 10pt\">Europ\u00e4ischer Kammerchor K\u00f6ln<br \/>\nMichael Reif (Leitung)<\/span><\/p>\n<p><span style=\"font-size: 10pt\">Programm: u.a. Ausz\u00fcge aus &#8220;Elysia Suite&#8221;<\/span><\/p>\n<p><span style=\"font-size: 10pt\"><i>Eintritt auf Spendenbasis<\/i><\/span><\/p>\n<\/div>\n\t\t\t\t\t\t<\/div>\n\t\t\t\t<\/div>\n\t\t\t\t\t<\/div>\n\t\t<\/div>\n\t\t\t\t<div class=\"elementor-column elementor-col-50 elementor-inner-column elementor-element elementor-element-c8fd3ea\" data-id=\"c8fd3ea\" data-element_type=\"column\" data-e-type=\"column\">\n\t\t\t<div class=\"elementor-widget-wrap elementor-element-populated\">\n\t\t\t\t\t\t<div class=\"elementor-element elementor-element-c92c625 elementor-widget elementor-widget-text-editor\" data-id=\"c92c625\" data-element_type=\"widget\" data-e-type=\"widget\" data-widget_type=\"text-editor.default\">\n\t\t\t\t<div class=\"elementor-widget-container\">\n\t\t\t\t\t\t\t\t\t<h3><span style=\"font-size: 10pt;\">21.6.26, 16.00h &#8211; Kirche St. Severin, K\u00f6ln<\/span><br style=\"caret-color: #000000; color: #000000;\" \/><span style=\"font-size: 18pt;\">Masterabschluss Konzert<strong><br\/>&#8220;Elysia&#8221;<\/strong> <\/span><\/h3>\t\t\t\t\t\t\t\t<\/div>\n\t\t\t\t<\/div>\n\t\t\t\t<div class=\"elementor-element elementor-element-cfc53e5 elementor-widget elementor-widget-image\" data-id=\"cfc53e5\" data-element_type=\"widget\" data-e-type=\"widget\" data-widget_type=\"image.default\">\n\t\t\t\t<div class=\"elementor-widget-container\">\n\t\t\t\t\t\t\t\t\t\t\t\t<figure class=\"wp-caption\">\n\t\t\t\t\t\t\t\t\t\t<img decoding=\"async\" width=\"900\" height=\"346\" src=\"http:\/\/andreastheobald.com\/wp-content\/uploads\/2026\/05\/Severin-1024x394.jpg\" class=\"attachment-large size-large wp-image-2491\" alt=\"\" srcset=\"http:\/\/andreastheobald.com\/wp-content\/uploads\/2026\/05\/Severin-1024x394.jpg 1024w, http:\/\/andreastheobald.com\/wp-content\/uploads\/2026\/05\/Severin-300x115.jpg 300w, http:\/\/andreastheobald.com\/wp-content\/uploads\/2026\/05\/Severin-768x296.jpg 768w, http:\/\/andreastheobald.com\/wp-content\/uploads\/2026\/05\/Severin-1536x591.jpg 1536w, http:\/\/andreastheobald.com\/wp-content\/uploads\/2026\/05\/Severin-2048x788.jpg 2048w, http:\/\/andreastheobald.com\/wp-content\/uploads\/2026\/05\/Severin-780x300.jpg 780w\" sizes=\"(max-width: 900px) 100vw, 900px\">\t\t\t\t\t\t\t\t\t\t\t<figcaption class=\"widget-image-caption wp-caption-text\">Bild von \u00a9 Raimond Spekking<\/figcaption>\n\t\t\t\t\t\t\t\t\t\t<\/figure>\n\t\t\t\t\t\t\t\t\t<\/div>\n\t\t\t\t<\/div>\n\t\t\t\t<div class=\"elementor-element elementor-element-7b04942 elementor-widget elementor-widget-wp-widget-text\" data-id=\"7b04942\" data-element_type=\"widget\" data-e-type=\"widget\" data-widget_type=\"wp-widget-text.default\">\n\t\t\t\t<div class=\"elementor-widget-container\">\n\t\t\t\t\t\t\t\t<div class=\"textwidget\"><p><strong><span style=\"font-size: 10pt\">Luciano Biondini (Akkordeon, Italien)<br \/>\nAnastasija Kildi\u0161a (Gesang, Lettland)<br \/>\nAndreas Theobald (Gesang)<br \/>\nAndrey Akhmetov (Gesang)<br \/>\nAlex Froitzheim (Whistles, Pipes)<br \/>\nGeorge Warren (Orgel)<\/span><\/strong><\/p>\n<p><span style=\"font-size: 10pt\">Kammerensemble &#8220;Elysia&#8221;<br \/>\nEurop\u00e4ischer Kammerchor K\u00f6ln<br \/>\nMichael Reif (Leitung)<\/span><\/p>\n<p><span style=\"font-size: 10pt\"><i>Eintritt: 12\u20ac, 8\u20ac (erm\u00e4\u00dfigt)<br \/>\n<a href=\"https:\/\/rausgegangen.de\/events\/andreas-theobald-elysia-feat-luciano-biondini-europaischer-k-0\/?fbclid=IwZXh0bgNhZW0CMTAAYnJpZBEwTElHRzRwV1NLMXZWNk5WZHNydGMGYXBwX2lkEDIyMjAzOTE3ODgyMDA4OTIAAR67DFRPh-rWlneFTO6jw0N7jxR6rDr8kMJmh3jZPYN9hCCJC0GGCI4MMLIefA_aem_S6RrLzvWA1GhFIeOqCsBbg\" target=\"_blank\" rel=\"noopener\">f\u00fcr Vorverkauf hier klicken<\/a><\/i><\/span><\/p>\n<\/div>\n\t\t\t\t\t\t<\/div>\n\t\t\t\t<\/div>\n\t\t\t\t\t<\/div>\n\t\t<\/div>\n\t\t\t\t\t<\/div>\n\t\t<\/section>\n\t\t\t\t\t<\/div>\n\t\t<\/div>\n\t\t\t\t\t<\/div>\n\t\t<\/section>\n\t\t\t\t<section class=\"elementor-section elementor-top-section elementor-element elementor-element-828a82c elementor-hidden-desktop elementor-section-boxed elementor-section-height-default elementor-section-height-default\" data-id=\"828a82c\" data-element_type=\"section\" data-e-type=\"section\">\n\t\t\t\t\t\t<div class=\"elementor-container elementor-column-gap-default\">\n\t\t\t\t\t<div class=\"elementor-column elementor-col-100 elementor-top-column elementor-element elementor-element-2a6da5f\" data-id=\"2a6da5f\" data-element_type=\"column\" data-e-type=\"column\">\n\t\t\t<div class=\"elementor-widget-wrap elementor-element-populated\">\n\t\t\t\t\t\t<div class=\"elementor-element elementor-element-3727b0a elementor-widget elementor-widget-text-editor\" data-id=\"3727b0a\" data-element_type=\"widget\" data-e-type=\"widget\" data-widget_type=\"text-editor.default\">\n\t\t\t\t<div class=\"elementor-widget-container\">\n\t\t\t\t\t\t\t\t\t<h3><span style=\"font-size: 10pt;\">20.6.26, 19.30h &#8211; Kirche St. Nikolaus, Wipperf\u00fcrth<\/span><br style=\"caret-color: #000000; color: #000000;\" \/><span style=\"font-size: 18pt;\">A-Capella Konzert<strong><br \/>&#8220;Durch die Kl\u00e4nge Europas&#8221;<\/strong> <\/span><\/h3>\t\t\t\t\t\t\t\t<\/div>\n\t\t\t\t<\/div>\n\t\t\t\t<div class=\"elementor-element elementor-element-18c971d elementor-widget elementor-widget-image\" data-id=\"18c971d\" data-element_type=\"widget\" data-e-type=\"widget\" data-widget_type=\"image.default\">\n\t\t\t\t<div class=\"elementor-widget-container\">\n\t\t\t\t\t\t\t\t\t\t\t\t<figure class=\"wp-caption\">\n\t\t\t\t\t\t\t\t\t\t<img fetchpriority=\"high\" decoding=\"async\" width=\"900\" height=\"346\" src=\"http:\/\/andreastheobald.com\/wp-content\/uploads\/2026\/05\/Wipperfuerth-1024x394.jpg\" class=\"attachment-large size-large wp-image-2493\" alt=\"\" srcset=\"http:\/\/andreastheobald.com\/wp-content\/uploads\/2026\/05\/Wipperfuerth-1024x394.jpg 1024w, http:\/\/andreastheobald.com\/wp-content\/uploads\/2026\/05\/Wipperfuerth-300x115.jpg 300w, http:\/\/andreastheobald.com\/wp-content\/uploads\/2026\/05\/Wipperfuerth-768x296.jpg 768w, http:\/\/andreastheobald.com\/wp-content\/uploads\/2026\/05\/Wipperfuerth-1536x591.jpg 1536w, http:\/\/andreastheobald.com\/wp-content\/uploads\/2026\/05\/Wipperfuerth-2048x788.jpg 2048w, http:\/\/andreastheobald.com\/wp-content\/uploads\/2026\/05\/Wipperfuerth-780x300.jpg 780w\" sizes=\"(max-width: 900px) 100vw, 900px\">\t\t\t\t\t\t\t\t\t\t\t<figcaption class=\"widget-image-caption wp-caption-text\">Bild von \u00a9 Raimond Spekking<\/figcaption>\n\t\t\t\t\t\t\t\t\t\t<\/figure>\n\t\t\t\t\t\t\t\t\t<\/div>\n\t\t\t\t<\/div>\n\t\t\t\t<div class=\"elementor-element elementor-element-ee20a44 elementor-widget elementor-widget-wp-widget-text\" data-id=\"ee20a44\" data-element_type=\"widget\" data-e-type=\"widget\" data-widget_type=\"wp-widget-text.default\">\n\t\t\t\t<div class=\"elementor-widget-container\">\n\t\t\t\t\t\t\t\t<div class=\"textwidget\"><p><strong><span style=\"font-size: 10pt\">Luciano Biondini (Akkordeon, Italien)<br \/>\nAnastasija Kildi\u0161a (Gesang, Lettland)<br \/>\nAndreas Theobald (Gesang)<br \/>\nAndrey Akhmetov (Gesang)<\/span><\/strong><\/p>\n<p><span style=\"font-size: 10pt\">Europ\u00e4ischer Kammerchor K\u00f6ln<br \/>\nMichael Reif (Leitung)<\/span><\/p>\n<p><span style=\"font-size: 10pt\">Programm: u.a. Ausz\u00fcge aus &#8220;Elysia Suite&#8221;<\/span><\/p>\n<p><span style=\"font-size: 10pt\"><i>Eintritt auf Spendenbasis<\/i><\/span><\/p>\n<\/div>\n\t\t\t\t\t\t<\/div>\n\t\t\t\t<\/div>\n\t\t\t\t<div class=\"elementor-element elementor-element-c598fd4 elementor-widget elementor-widget-text-editor\" data-id=\"c598fd4\" data-element_type=\"widget\" data-e-type=\"widget\" data-widget_type=\"text-editor.default\">\n\t\t\t\t<div class=\"elementor-widget-container\">\n\t\t\t\t\t\t\t\t\t<h3><span style=\"font-size: 10pt;\">21.6.26, 16.00h &#8211; Kirche St. Severin, K\u00f6ln<\/span><br style=\"caret-color: #000000; color: #000000;\" \/><span style=\"font-size: 18pt;\">Masterabschluss Konzert<strong><br\/>&#8220;Elysia&#8221;<\/strong> <\/span><\/h3>\t\t\t\t\t\t\t\t<\/div>\n\t\t\t\t<\/div>\n\t\t\t\t<div class=\"elementor-element elementor-element-5cd005c elementor-widget elementor-widget-image\" data-id=\"5cd005c\" data-element_type=\"widget\" data-e-type=\"widget\" data-widget_type=\"image.default\">\n\t\t\t\t<div class=\"elementor-widget-container\">\n\t\t\t\t\t\t\t\t\t\t\t\t<figure class=\"wp-caption\">\n\t\t\t\t\t\t\t\t\t\t<img decoding=\"async\" width=\"900\" height=\"346\" src=\"http:\/\/andreastheobald.com\/wp-content\/uploads\/2026\/05\/Severin-1024x394.jpg\" class=\"attachment-large size-large wp-image-2491\" alt=\"\" srcset=\"http:\/\/andreastheobald.com\/wp-content\/uploads\/2026\/05\/Severin-1024x394.jpg 1024w, http:\/\/andreastheobald.com\/wp-content\/uploads\/2026\/05\/Severin-300x115.jpg 300w, http:\/\/andreastheobald.com\/wp-content\/uploads\/2026\/05\/Severin-768x296.jpg 768w, http:\/\/andreastheobald.com\/wp-content\/uploads\/2026\/05\/Severin-1536x591.jpg 1536w, http:\/\/andreastheobald.com\/wp-content\/uploads\/2026\/05\/Severin-2048x788.jpg 2048w, http:\/\/andreastheobald.com\/wp-content\/uploads\/2026\/05\/Severin-780x300.jpg 780w\" sizes=\"(max-width: 900px) 100vw, 900px\">\t\t\t\t\t\t\t\t\t\t\t<figcaption class=\"widget-image-caption wp-caption-text\">Bild von \u00a9 Raimond Spekking<\/figcaption>\n\t\t\t\t\t\t\t\t\t\t<\/figure>\n\t\t\t\t\t\t\t\t\t<\/div>\n\t\t\t\t<\/div>\n\t\t\t\t<div class=\"elementor-element elementor-element-b75c37c elementor-widget elementor-widget-wp-widget-text\" data-id=\"b75c37c\" data-element_type=\"widget\" data-e-type=\"widget\" data-widget_type=\"wp-widget-text.default\">\n\t\t\t\t<div class=\"elementor-widget-container\">\n\t\t\t\t\t\t\t\t<div class=\"textwidget\"><p><strong><span style=\"font-size: 10pt\">Luciano Biondini (Akkordeon, Italien)<br \/>\nAnastasija Kildi\u0161a (Gesang, Lettland)<br \/>\nAndreas Theobald (Gesang)<br \/>\nAndrey Akhmetov (Gesang)<br \/>\nAlex Froitzheim (Whistles, Pipes)<br \/>\nGeorge Warren (Orgel)<\/span><\/strong><\/p>\n<p><span style=\"font-size: 10pt\">Kammerensemble &#8220;Elysia&#8221;<br \/>\nEurop\u00e4ischer Kammerchor K\u00f6ln<br \/>\nMichael Reif (Leitung)<\/span><\/p>\n<p><em><span style=\"font-size: 10pt\">Eintritt: 12\u20ac, 8\u20ac (erm\u00e4\u00dfigt)<br \/>\n<a href=\"https:\/\/rausgegangen.de\/events\/andreas-theobald-elysia-feat-luciano-biondini-europaischer-k-0\/?fbclid=IwZXh0bgNhZW0CMTAAYnJpZBEwTElHRzRwV1NLMXZWNk5WZHNydGMGYXBwX2lkEDIyMjAzOTE3ODgyMDA4OTIAAR67DFRPh-rWlneFTO6jw0N7jxR6rDr8kMJmh3jZPYN9hCCJC0GGCI4MMLIefA_aem_S6RrLzvWA1GhFIeOqCsBbg\" target=\"_blank\" rel=\"noopener\">f\u00fcr Vorverkauf hier klicken<\/a><\/span><\/em><\/p>\n<\/div>\n\t\t\t\t\t\t<\/div>\n\t\t\t\t<\/div>\n\t\t\t\t\t<\/div>\n\t\t<\/div>\n\t\t\t\t\t<\/div>\n\t\t<\/section>\n\t\t\t\t<section class=\"elementor-section elementor-top-section elementor-element elementor-element-4b2b601 elementor-section-boxed elementor-section-height-default elementor-section-height-default\" data-id=\"4b2b601\" data-element_type=\"section\" data-e-type=\"section\">\n\t\t\t\t\t\t<div class=\"elementor-container elementor-column-gap-default\">\n\t\t\t\t\t<div class=\"elementor-column elementor-col-100 elementor-top-column elementor-element elementor-element-da9001a\" data-id=\"da9001a\" data-element_type=\"column\" data-e-type=\"column\">\n\t\t\t<div class=\"elementor-widget-wrap elementor-element-populated\">\n\t\t\t\t\t\t<div class=\"elementor-element elementor-element-75e97c2 elementor-widget elementor-widget-wp-widget-text\" data-id=\"75e97c2\" data-element_type=\"widget\" data-e-type=\"widget\" data-widget_type=\"wp-widget-text.default\">\n\t\t\t\t<div class=\"elementor-widget-container\">\n\t\t\t\t\t\t\t\t<div class=\"textwidget\"><p><span style=\"font-size: 11pt\">Das Konzertprogramm \u201eElysia\u201c vereint den Europ\u00e4ischen Kammerchor K\u00f6ln, ein Projektensemble aus Jazz, Pop, Klassik und Barock Bereich und GastmusikerInnen aus verschiedenen Teilen Europas, die in Ihrem Schaffen musikalische und kulturelle Grenzen \u00fcberwinden. \u201eElysia\u201c ist eine musikalische Reise durch Europa &#8211; getragen von Stimmen, Instrumenten und Geschichten, die die Vielfalt unseres Kontinents feiern und h\u00f6rbar machen. In dem Projekt wird Jazz zu einer forschenden, integrativen Kunstform, die Improvisation als verbindendes Element zwischen Kulturen und Komposition als strukturelles Mittel zur Integration unterschiedlicher Traditionen nutzt. In einer eigens komponierten Suite vermengen sich A-capella Kl\u00e4nge, europ\u00e4ische Folkmusik und Jazz zu einer klingenden Vision.<br \/>\n<\/span><\/p>\n<\/div>\n\t\t\t\t\t\t<\/div>\n\t\t\t\t<\/div>\n\t\t\t\t\t<\/div>\n\t\t<\/div>\n\t\t\t\t\t<\/div>\n\t\t<\/section>\n\t\t\t\t<section class=\"elementor-section elementor-top-section elementor-element elementor-element-52092e5 elementor-reverse-tablet elementor-reverse-mobile elementor-section-boxed elementor-section-height-default elementor-section-height-default\" data-id=\"52092e5\" data-element_type=\"section\" data-e-type=\"section\">\n\t\t\t\t\t\t<div class=\"elementor-container elementor-column-gap-default\">\n\t\t\t\t\t<div class=\"elementor-column elementor-col-100 elementor-top-column elementor-element elementor-element-fd503d5\" data-id=\"fd503d5\" data-element_type=\"column\" data-e-type=\"column\">\n\t\t\t<div class=\"elementor-widget-wrap elementor-element-populated\">\n\t\t\t\t\t\t<section class=\"elementor-section elementor-inner-section elementor-element elementor-element-aacb900 elementor-section-content-middle elementor-reverse-tablet elementor-reverse-mobile elementor-section-boxed elementor-section-height-default elementor-section-height-default\" data-id=\"aacb900\" data-element_type=\"section\" data-e-type=\"section\">\n\t\t\t\t\t\t<div class=\"elementor-container elementor-column-gap-default\">\n\t\t\t\t\t<div class=\"elementor-column elementor-col-50 elementor-inner-column elementor-element elementor-element-79b2f98\" data-id=\"79b2f98\" data-element_type=\"column\" data-e-type=\"column\">\n\t\t\t<div class=\"elementor-widget-wrap elementor-element-populated\">\n\t\t\t\t\t\t<div class=\"elementor-element elementor-element-2b36751 elementor-widget__width-initial elementor-widget elementor-widget-wp-widget-text\" data-id=\"2b36751\" data-element_type=\"widget\" data-e-type=\"widget\" data-widget_type=\"wp-widget-text.default\">\n\t\t\t\t<div class=\"elementor-widget-container\">\n\t\t\t\t\t\t\t\t<div class=\"textwidget\"><p><span style=\"font-size: 11pt\">Die S\u00e4ngerin Anastasija Kildi\u0161a vertritt in ihrer Person die Verbindung zwischen Ost und West. Als bekennende Lettin und \u00fcberzeugte Europ\u00e4erin ist sie nicht nur in der lettischen Chormusik, sondern auch tief in der orthodoxen Sakralmusik verwurzelt und promoviert aktuell an der Musikakademie Riga zu Byzantinische Ges\u00e4ngen.<\/span><\/p>\n<p>&nbsp;<\/p>\n<\/div>\n\t\t\t\t\t\t<\/div>\n\t\t\t\t<\/div>\n\t\t\t\t\t<\/div>\n\t\t<\/div>\n\t\t\t\t<div class=\"elementor-column elementor-col-50 elementor-inner-column elementor-element elementor-element-6c8955f\" data-id=\"6c8955f\" data-element_type=\"column\" data-e-type=\"column\">\n\t\t\t<div class=\"elementor-widget-wrap elementor-element-populated\">\n\t\t\t\t\t\t<div class=\"elementor-element elementor-element-81d98d8 elementor-widget__width-initial elementor-widget elementor-widget-image\" data-id=\"81d98d8\" data-element_type=\"widget\" data-e-type=\"widget\" data-widget_type=\"image.default\">\n\t\t\t\t<div class=\"elementor-widget-container\">\n\t\t\t\t\t\t\t\t\t\t\t\t<figure class=\"wp-caption\">\n\t\t\t\t\t\t\t\t\t\t<img decoding=\"async\" width=\"900\" height=\"900\" src=\"http:\/\/andreastheobald.com\/wp-content\/uploads\/2026\/05\/Anastasija_Quadrat-1024x1024.png\" class=\"attachment-large size-large wp-image-2508\" alt=\"\" srcset=\"http:\/\/andreastheobald.com\/wp-content\/uploads\/2026\/05\/Anastasija_Quadrat-1024x1024.png 1024w, http:\/\/andreastheobald.com\/wp-content\/uploads\/2026\/05\/Anastasija_Quadrat-300x300.png 300w, http:\/\/andreastheobald.com\/wp-content\/uploads\/2026\/05\/Anastasija_Quadrat-150x150.png 150w, http:\/\/andreastheobald.com\/wp-content\/uploads\/2026\/05\/Anastasija_Quadrat-768x768.png 768w, http:\/\/andreastheobald.com\/wp-content\/uploads\/2026\/05\/Anastasija_Quadrat.png 1156w\" sizes=\"(max-width: 900px) 100vw, 900px\">\t\t\t\t\t\t\t\t\t\t\t<figcaption class=\"widget-image-caption wp-caption-text\"><\/figcaption>\n\t\t\t\t\t\t\t\t\t\t<\/figure>\n\t\t\t\t\t\t\t\t\t<\/div>\n\t\t\t\t<\/div>\n\t\t\t\t\t<\/div>\n\t\t<\/div>\n\t\t\t\t\t<\/div>\n\t\t<\/section>\n\t\t\t\t\t<\/div>\n\t\t<\/div>\n\t\t\t\t\t<\/div>\n\t\t<\/section>\n\t\t\t\t<section class=\"elementor-section elementor-top-section elementor-element elementor-element-d0282b9 elementor-section-boxed elementor-section-height-default elementor-section-height-default\" data-id=\"d0282b9\" data-element_type=\"section\" data-e-type=\"section\">\n\t\t\t\t\t\t<div class=\"elementor-container elementor-column-gap-default\">\n\t\t\t\t\t<div class=\"elementor-column elementor-col-100 elementor-top-column elementor-element elementor-element-2881eca\" data-id=\"2881eca\" data-element_type=\"column\" data-e-type=\"column\">\n\t\t\t<div class=\"elementor-widget-wrap elementor-element-populated\">\n\t\t\t\t\t\t<section class=\"elementor-section elementor-inner-section elementor-element elementor-element-936a044 elementor-section-content-middle elementor-section-boxed elementor-section-height-default elementor-section-height-default\" data-id=\"936a044\" data-element_type=\"section\" data-e-type=\"section\">\n\t\t\t\t\t\t<div class=\"elementor-container elementor-column-gap-default\">\n\t\t\t\t\t<div class=\"elementor-column elementor-col-50 elementor-inner-column elementor-element elementor-element-0768900\" data-id=\"0768900\" data-element_type=\"column\" data-e-type=\"column\">\n\t\t\t<div class=\"elementor-widget-wrap elementor-element-populated\">\n\t\t\t\t\t\t<div class=\"elementor-element elementor-element-3fb22c7 elementor-widget__width-initial elementor-widget elementor-widget-image\" data-id=\"3fb22c7\" data-element_type=\"widget\" data-e-type=\"widget\" data-widget_type=\"image.default\">\n\t\t\t\t<div class=\"elementor-widget-container\">\n\t\t\t\t\t\t\t\t\t\t\t\t<figure class=\"wp-caption\">\n\t\t\t\t\t\t\t\t\t\t<img loading=\"lazy\" decoding=\"async\" width=\"900\" height=\"900\" src=\"http:\/\/andreastheobald.com\/wp-content\/uploads\/2026\/05\/Luciano_Quadrat-1024x1024.png\" class=\"attachment-large size-large wp-image-2507\" alt=\"\" srcset=\"http:\/\/andreastheobald.com\/wp-content\/uploads\/2026\/05\/Luciano_Quadrat-1024x1024.png 1024w, http:\/\/andreastheobald.com\/wp-content\/uploads\/2026\/05\/Luciano_Quadrat-300x300.png 300w, http:\/\/andreastheobald.com\/wp-content\/uploads\/2026\/05\/Luciano_Quadrat-150x150.png 150w, http:\/\/andreastheobald.com\/wp-content\/uploads\/2026\/05\/Luciano_Quadrat-768x768.png 768w, http:\/\/andreastheobald.com\/wp-content\/uploads\/2026\/05\/Luciano_Quadrat.png 1156w\" sizes=\"(max-width: 900px) 100vw, 900px\">\t\t\t\t\t\t\t\t\t\t\t<figcaption class=\"widget-image-caption wp-caption-text\"><\/figcaption>\n\t\t\t\t\t\t\t\t\t\t<\/figure>\n\t\t\t\t\t\t\t\t\t<\/div>\n\t\t\t\t<\/div>\n\t\t\t\t\t<\/div>\n\t\t<\/div>\n\t\t\t\t<div class=\"elementor-column elementor-col-50 elementor-inner-column elementor-element elementor-element-6fd7d62\" data-id=\"6fd7d62\" data-element_type=\"column\" data-e-type=\"column\">\n\t\t\t<div class=\"elementor-widget-wrap elementor-element-populated\">\n\t\t\t\t\t\t<div class=\"elementor-element elementor-element-e760550 elementor-widget__width-initial elementor-widget elementor-widget-wp-widget-text\" data-id=\"e760550\" data-element_type=\"widget\" data-e-type=\"widget\" data-widget_type=\"wp-widget-text.default\">\n\t\t\t\t<div class=\"elementor-widget-container\">\n\t\t\t\t\t\t\t\t<div class=\"textwidget\"><p><span style=\"font-size: 11pt\">Der italienische Jazzakkordeonist Luciano Biondini sucht in seinen Projekten immer wieder nach der Verbindung zwischen seinen eigenen folkloristischen Wurzeln und u.A. mit Rabih Abou-Khalil in Kombination mit arabischer Musik und barocken Instrumenten.<br \/>\n<\/span><\/p>\n<\/div>\n\t\t\t\t\t\t<\/div>\n\t\t\t\t<\/div>\n\t\t\t\t\t<\/div>\n\t\t<\/div>\n\t\t\t\t\t<\/div>\n\t\t<\/section>\n\t\t\t\t\t<\/div>\n\t\t<\/div>\n\t\t\t\t\t<\/div>\n\t\t<\/section>\n\t\t\t\t<section class=\"elementor-section elementor-top-section elementor-element elementor-element-a685e86 elementor-section-boxed elementor-section-height-default elementor-section-height-default\" data-id=\"a685e86\" data-element_type=\"section\" data-e-type=\"section\">\n\t\t\t\t\t\t<div class=\"elementor-container elementor-column-gap-default\">\n\t\t\t\t\t<div class=\"elementor-column elementor-col-100 elementor-top-column elementor-element elementor-element-23ef67a\" data-id=\"23ef67a\" data-element_type=\"column\" data-e-type=\"column\">\n\t\t\t<div class=\"elementor-widget-wrap elementor-element-populated\">\n\t\t\t\t\t\t<section class=\"elementor-section elementor-inner-section elementor-element elementor-element-3e59487 elementor-section-content-middle elementor-reverse-tablet elementor-reverse-mobile elementor-section-boxed elementor-section-height-default elementor-section-height-default\" data-id=\"3e59487\" data-element_type=\"section\" data-e-type=\"section\">\n\t\t\t\t\t\t<div class=\"elementor-container elementor-column-gap-default\">\n\t\t\t\t\t<div class=\"elementor-column elementor-col-50 elementor-inner-column elementor-element elementor-element-968d9ef\" data-id=\"968d9ef\" data-element_type=\"column\" data-e-type=\"column\">\n\t\t\t<div class=\"elementor-widget-wrap elementor-element-populated\">\n\t\t\t\t\t\t<div class=\"elementor-element elementor-element-389edbc elementor-widget__width-initial elementor-widget elementor-widget-wp-widget-text\" data-id=\"389edbc\" data-element_type=\"widget\" data-e-type=\"widget\" data-widget_type=\"wp-widget-text.default\">\n\t\t\t\t<div class=\"elementor-widget-container\">\n\t\t\t\t\t\t\t\t<div class=\"textwidget\"><p><span style=\"font-size: 11pt\">Der Europ\u00e4ische Kammerchor K\u00f6ln wurde 2003 von Michael Reif gegr\u00fcndet und widmet sich anspruchsvoller a-capella Chormusik. Die Zusammenarbeit mit zeitgen\u00f6ssischen Komponist*Innen pr\u00e4gt den Chor, der bereits zahlreiche Urauff\u00fchrungen realisierte.<\/span><\/p>\n<\/div>\n\t\t\t\t\t\t<\/div>\n\t\t\t\t<\/div>\n\t\t\t\t\t<\/div>\n\t\t<\/div>\n\t\t\t\t<div class=\"elementor-column elementor-col-50 elementor-inner-column elementor-element elementor-element-afecb20\" data-id=\"afecb20\" data-element_type=\"column\" data-e-type=\"column\">\n\t\t\t<div class=\"elementor-widget-wrap elementor-element-populated\">\n\t\t\t\t\t\t<div class=\"elementor-element elementor-element-b412f38 elementor-widget__width-initial elementor-widget elementor-widget-image\" data-id=\"b412f38\" data-element_type=\"widget\" data-e-type=\"widget\" data-widget_type=\"image.default\">\n\t\t\t\t<div class=\"elementor-widget-container\">\n\t\t\t\t\t\t\t\t\t\t\t\t<figure class=\"wp-caption\">\n\t\t\t\t\t\t\t\t\t\t<img loading=\"lazy\" decoding=\"async\" width=\"900\" height=\"900\" src=\"http:\/\/andreastheobald.com\/wp-content\/uploads\/2026\/05\/EuKa_Quadrat-1024x1024.png\" class=\"attachment-large size-large wp-image-2509\" alt=\"\" srcset=\"http:\/\/andreastheobald.com\/wp-content\/uploads\/2026\/05\/EuKa_Quadrat-1024x1024.png 1024w, http:\/\/andreastheobald.com\/wp-content\/uploads\/2026\/05\/EuKa_Quadrat-300x300.png 300w, http:\/\/andreastheobald.com\/wp-content\/uploads\/2026\/05\/EuKa_Quadrat-150x150.png 150w, http:\/\/andreastheobald.com\/wp-content\/uploads\/2026\/05\/EuKa_Quadrat-768x768.png 768w, http:\/\/andreastheobald.com\/wp-content\/uploads\/2026\/05\/EuKa_Quadrat.png 1156w\" sizes=\"(max-width: 900px) 100vw, 900px\">\t\t\t\t\t\t\t\t\t\t\t<figcaption class=\"widget-image-caption wp-caption-text\"><\/figcaption>\n\t\t\t\t\t\t\t\t\t\t<\/figure>\n\t\t\t\t\t\t\t\t\t<\/div>\n\t\t\t\t<\/div>\n\t\t\t\t\t<\/div>\n\t\t<\/div>\n\t\t\t\t\t<\/div>\n\t\t<\/section>\n\t\t\t\t\t<\/div>\n\t\t<\/div>\n\t\t\t\t\t<\/div>\n\t\t<\/section>\n\t\t\t\t<section class=\"elementor-section elementor-top-section elementor-element elementor-element-fffddc9 elementor-section-boxed elementor-section-height-default elementor-section-height-default\" data-id=\"fffddc9\" data-element_type=\"section\" data-e-type=\"section\">\n\t\t\t\t\t\t<div class=\"elementor-container elementor-column-gap-default\">\n\t\t\t\t\t<div class=\"elementor-column elementor-col-100 elementor-top-column elementor-element elementor-element-c647f82\" data-id=\"c647f82\" data-element_type=\"column\" data-e-type=\"column\">\n\t\t\t<div class=\"elementor-widget-wrap elementor-element-populated\">\n\t\t\t\t\t\t<div class=\"elementor-element elementor-element-18e1d33 elementor-widget elementor-widget-wp-widget-text\" data-id=\"18e1d33\" data-element_type=\"widget\" data-e-type=\"widget\" data-widget_type=\"wp-widget-text.default\">\n\t\t\t\t<div class=\"elementor-widget-container\">\n\t\t\t\t\t\t\t\t<div class=\"textwidget\"><p><strong><span style=\"font-size: 12pt\">Die Besetzung im Detail:<\/span><\/strong><\/p>\n<p><strong><span style=\"font-size: 10pt\">Luciano Biondini (Akkordeon, Italien)<br \/>\nAnastasija Kildi\u0161a (Gesang, Lettland)<br \/>\nAndreas Theobald (Gesang, Frame Drum, Tin Whistle)<br \/>\nAndrey Akhmetov (Gesang)<br \/>\nAlex Froitzheim (Tin Whistles, Uilleann Pipes, Maultrommel)<br \/>\nGeorge Warren (Orgel, Cembalo)<\/span><\/strong><\/p>\n<p><strong><span style=\"font-size: 10pt\">Kammerensemble &#8220;Elysia&#8221;<\/span><\/strong><br \/>\n<span style=\"font-size: 10pt\">Clemens K\u00f6hler (Querfl\u00f6te, Saxophon)<br \/>\nShaghayegh Shahrabi (Oboe)<br \/>\nLuka Totadze (Klarinette)<br \/>\nMarie Kl\u00fcnter (Fagott)<\/span><\/p>\n<p><span style=\"font-size: 10pt\">Katharina Wimmer (Violine)<br \/>\nHsuan-Ni Lee (Violine)<br \/>\nAxel Lindner (Viola)<br \/>\nTabea H\u00f6rsch (Violoncello)<br \/>\nCalvin Lennig (Kontrabass)<br \/>\n<\/span><\/p>\n<p><strong><span style=\"font-size: 10pt\">Europ\u00e4ischer Kammerchor K\u00f6ln<\/span><br \/>\n<\/strong><\/p>\n<p><strong><span style=\"font-size: 10pt\">Michael Reif (Leitung)<\/span><\/strong><\/p>\n<\/div>\n\t\t\t\t\t\t<\/div>\n\t\t\t\t<\/div>\n\t\t\t\t<div class=\"elementor-element elementor-element-d5f5ac1 elementor-widget elementor-widget-wp-widget-text\" data-id=\"d5f5ac1\" data-element_type=\"widget\" data-e-type=\"widget\" data-widget_type=\"wp-widget-text.default\">\n\t\t\t\t<div class=\"elementor-widget-container\">\n\t\t\t\t\t\t\t\t<div class=\"textwidget\"><p><strong><span style=\"font-size: 12pt\">Das Programm (K\u00f6ln):<\/span><\/strong><\/p>\n<p><strong><span style=\"font-size: 10pt\">Veni Creator Spiritus<\/span><\/strong><br \/>\n<span style=\"font-size: 10pt\"><em>Arrangement des gregorianischen Hymnus&#8217; f\u00fcr Chor a-capella<\/em> <\/span><\/p>\n<p><strong><span style=\"font-size: 10pt\">Dilexi<\/span><\/strong><br \/>\n<em><span style=\"font-size: 10pt\">Komposition f\u00fcr Chor und Saxophon<\/span><\/em><\/p>\n<p><strong><span style=\"font-size: 10pt\">Durham Evening Service<\/span><\/strong><br \/>\n<em><span style=\"font-size: 10pt\">Komposition f\u00fcr Chor und Orgel<\/span><\/em><\/p>\n<p><strong><span style=\"font-size: 10pt\">Three Arrangements of Luciano Biondini&#8217;s Music<\/span><\/strong><br \/>\n<span style=\"font-size: 10pt\">1. Stagione<br \/>\n2. Choroso<br \/>\n3. Aritmia<br \/>\n<em>Arrangements f\u00fcr Akkordeon, Holzblasquartett und Streichquintett<\/em><\/span><\/p>\n<p><strong><span style=\"font-size: 12pt\">Elysia Suite<\/span><\/strong><\/p>\n<p><strong><span style=\"font-size: 10pt\">Dreaming of Elysia<\/span><\/strong><\/p>\n<p><strong><span style=\"font-size: 10pt\">Mival Guriashi<\/span><\/strong><br \/>\n<em><span style=\"font-size: 10pt\">Arrangement eines traditionellen georgischen Liedes<\/span><\/em><\/p>\n<p><strong><span style=\"font-size: 10pt\">\u010ci\u010dorlinkist<\/span><\/strong><br \/>\n<em><span style=\"font-size: 10pt\">Arrangement eines traditionellen livonischen Liedes<\/span><\/em><\/p>\n<p><strong><span style=\"font-size: 10pt\">Si Veriash a la Rana<\/span><\/strong><br \/>\n<em><span style=\"font-size: 10pt\">Arrangement eines traditionellen sephardischen Kinderliedes<\/span><\/em><\/p>\n<p>Pause<\/p>\n<p><strong><span style=\"font-size: 10pt\">Retentissez douces musettes&#8221;<\/span><\/strong><br \/>\n<em><span style=\"font-size: 10pt\">Auszug aus der &#8220;Cantatille \u201cLes Plaisirs champ\u00eatres\u201d&#8221; von Louis Lemaire<\/span><\/em><\/p>\n<p><strong><span style=\"font-size: 10pt\">Tu ne m&#8217;\u00e9coutes point Lisette<\/span><\/strong><br \/>\n<em><span style=\"font-size: 10pt\">Arrangement der &#8220;Air pour la vielle et la musette&#8221; von Servais Bertin<\/span><\/em><\/p>\n<p><strong><span style=\"font-size: 10pt\">Bonanotte Ti Lasso<\/span><\/strong><br \/>\n<em><span style=\"font-size: 10pt\">Arrangement eines sardinischen &#8220;Cantu a tenore&#8221; aus Oliena<\/span><\/em><\/p>\n<p><strong><span style=\"font-size: 10pt\">Kas Dzied\u0101ja J\u0101\u0146u Nakti<\/span><\/strong><br \/>\n<em><span style=\"font-size: 10pt\">Arrangement eines St\u00fcckes des lettischen Komponisten U\u0123is Prauli\u0146\u0161<\/span><\/em><\/p>\n<p><strong><span style=\"font-size: 10pt\">The Old Bush<\/span><\/strong><br \/>\n<em><span style=\"font-size: 10pt\">Arrangement eines irischen Reels<\/span><\/em><\/p>\n<p><strong><span style=\"font-size: 10pt\">Saule S\u0113ja Sudrabi\u0146u<\/span><\/strong><br \/>\n<em><span style=\"font-size: 10pt\">Arrangement eines traditionellen lettischen Liedes<\/span><\/em><\/p>\n<p><strong><span style=\"font-size: 10pt\">A amea\u00e7a<\/span><\/strong><br \/>\n<em><span style=\"font-size: 10pt\">Improvisation von Clemens K\u00f6hler und George Warren<\/span><\/em><\/p>\n<p><strong><span style=\"font-size: 10pt\">Das verw\u00fcstete Dorf<\/span><\/strong><br \/>\n<em><span style=\"font-size: 10pt\">Arrangement eines Liedes von Hofmann von Fallersleben mit einer Melodie Ludwig Bergers<\/span><\/em><\/p>\n<p><strong><span style=\"font-size: 10pt\">Velichania<\/span><\/strong><br \/>\n<em><span style=\"font-size: 10pt\">Arrangement eines orthodoxen Znamenny Gesanges<\/span><\/em><\/p>\n<p><strong><span style=\"font-size: 10pt\">L\u016bg\u0161ana<\/span><\/strong><br \/>\n<em><span style=\"font-size: 10pt\">Komposition mit einem lettischen Text von Fricis B\u0101rda<\/span><\/em><\/p>\n<p><strong><span style=\"font-size: 10pt\">Tiocfaidh T\u00fa Abhaile Liom?<\/span><\/strong><br \/>\n<em><span style=\"font-size: 10pt\">Komposition mit Ausz\u00fcgen aus einem irischen Jig<\/span><\/em><\/p>\n<\/div>\n\t\t\t\t\t\t<\/div>\n\t\t\t\t<\/div>\n\t\t\t\t\t<\/div>\n\t\t<\/div>\n\t\t\t\t\t<\/div>\n\t\t<\/section>\n\t\t\t\t<\/div>\n\t\t","protected":false},"excerpt":{"rendered":"<p>\u201cElysia\u201d brings together the European Chamber Choir Cologne, a project ensemble, and guest musicians from across Europe. United by a shared desire to transcend musical and cultural boundaries, the artists explore the rich diversity of European musical traditions while [&#8230;]<\/p>\n","protected":false},"author":1,"featured_media":2458,"comment_status":"closed","ping_status":"closed","sticky":false,"template":"","format":"standard","meta":{"footnotes":""},"categories":[5],"tags":[],"class_list":["post-2483","post","type-post","status-publish","format-standard","has-post-thumbnail","hentry","category-news"],"_links":{"self":[{"href":"https:\/\/andreastheobald.com\/en\/wp-json\/wp\/v2\/posts\/2483","targetHints":{"allow":["GET"]}}],"collection":[{"href":"https:\/\/andreastheobald.com\/en\/wp-json\/wp\/v2\/posts"}],"about":[{"href":"https:\/\/andreastheobald.com\/en\/wp-json\/wp\/v2\/types\/post"}],"author":[{"embeddable":true,"href":"https:\/\/andreastheobald.com\/en\/wp-json\/wp\/v2\/users\/1"}],"replies":[{"embeddable":true,"href":"https:\/\/andreastheobald.com\/en\/wp-json\/wp\/v2\/comments?post=2483"}],"version-history":[{"count":69,"href":"https:\/\/andreastheobald.com\/en\/wp-json\/wp\/v2\/posts\/2483\/revisions"}],"predecessor-version":[{"id":2596,"href":"https:\/\/andreastheobald.com\/en\/wp-json\/wp\/v2\/posts\/2483\/revisions\/2596"}],"wp:featuredmedia":[{"embeddable":true,"href":"https:\/\/andreastheobald.com\/en\/wp-json\/wp\/v2\/media\/2458"}],"wp:attachment":[{"href":"https:\/\/andreastheobald.com\/en\/wp-json\/wp\/v2\/media?parent=2483"}],"wp:term":[{"taxonomy":"category","embeddable":true,"href":"https:\/\/andreastheobald.com\/en\/wp-json\/wp\/v2\/categories?post=2483"},{"taxonomy":"post_tag","embeddable":true,"href":"https:\/\/andreastheobald.com\/en\/wp-json\/wp\/v2\/tags?post=2483"}],"curies":[{"name":"wp","href":"https:\/\/api.w.org\/{rel}","templated":true}]}}