{"id":2393,"date":"2025-06-16T14:02:07","date_gmt":"2025-06-16T12:02:07","guid":{"rendered":"https:\/\/andreastheobald.com\/?p=2393"},"modified":"2025-06-17T20:48:36","modified_gmt":"2025-06-17T18:48:36","slug":"preistraeger-des-wettbewerbs-der-peteris-vasks-stiftung","status":"publish","type":"post","link":"https:\/\/andreastheobald.com\/en\/preistraeger-des-wettbewerbs-der-peteris-vasks-stiftung","title":{"rendered":"Preistr\u00e4ger des Wettbewerbs der \"P\u0113teris Vasks Stiftung\""},"content":{"rendered":"\n<p>Als Teilnehmer des diesj\u00e4hrigen Kompositionswettbewerb der P\u0113teris Vasks Stiftung (&#8220;P\u0113tera Vaska fonds&#8221;) freue ich mich \u00fcber die Belegung des dritten Platzes. Der Wettbewerb unter dem Juryvorsitz des Namensgebers fand am 4. Juni an der lettischen Musikakademie statt und konzentrierte sich auf Werke f\u00fcr Solo-Streichinstrumente. Mein St\u00fcck &#8220;Memento&#8221; f\u00fcr Solo Violine wurde von der lettischen Geigerin Arina Bardova uraufgef\u00fchrt und ist der US-amerikanischen Autorin Barbara Kingsolver, sowie dem englischen Komponisten Henry Purcell und seinem St\u00fcck &#8220;Remember Not, Lord, Our Offences&#8221; gewidmet. Ihr Zitat: &#8220;Memory is a complicated thing, a relative to truth but not its twin&#8221; ist der Komposition vorangestellt, gefolgt von einem Purcellschen Intro. Im Verlaufe des St\u00fcckes werden die Saiten der Geige mehrfach umgestimmt und fordern das Muskelged\u00e4chtnis und intonatorische Ohr der InterpretInnen.<\/p>\n<p>Als Geschichtsbegeisterter Mensch erlebe ich in dieser Zeit, wie sehr mit dem gesellschaftlichen Ged\u00e4chtnis gespielt wird, Tatsachen verdreht werden und Geschichtsf\u00e4lschung auf dem wortw\u00f6rtlichen Vormarsch ist. Mehr denn je sehe ich unsere Verantwortung darin uns mit unserer Geschichte auseinanderzusetzen und auch das eigene Ged\u00e4chtnis zu pflegen!<\/p>\n","protected":false},"excerpt":{"rendered":"<p>Als Teilnehmer des diesj\u00e4hrigen Kompositionswettbewerb der P\u0113teris Vasks Stiftung (&#8220;P\u0113tera Vaska fonds&#8221;) freue ich mich \u00fcber die Belegung des dritten Platzes. Der Wettbewerb unter dem Juryvorsitz des Namensgebers fand am [&hellip;]<\/p>\n","protected":false},"author":1,"featured_media":2394,"comment_status":"closed","ping_status":"closed","sticky":false,"template":"","format":"standard","meta":{"footnotes":""},"categories":[5],"tags":[],"class_list":["post-2393","post","type-post","status-publish","format-standard","has-post-thumbnail","hentry","category-news"],"_links":{"self":[{"href":"https:\/\/andreastheobald.com\/en\/wp-json\/wp\/v2\/posts\/2393","targetHints":{"allow":["GET"]}}],"collection":[{"href":"https:\/\/andreastheobald.com\/en\/wp-json\/wp\/v2\/posts"}],"about":[{"href":"https:\/\/andreastheobald.com\/en\/wp-json\/wp\/v2\/types\/post"}],"author":[{"embeddable":true,"href":"https:\/\/andreastheobald.com\/en\/wp-json\/wp\/v2\/users\/1"}],"replies":[{"embeddable":true,"href":"https:\/\/andreastheobald.com\/en\/wp-json\/wp\/v2\/comments?post=2393"}],"version-history":[{"count":3,"href":"https:\/\/andreastheobald.com\/en\/wp-json\/wp\/v2\/posts\/2393\/revisions"}],"predecessor-version":[{"id":2410,"href":"https:\/\/andreastheobald.com\/en\/wp-json\/wp\/v2\/posts\/2393\/revisions\/2410"}],"wp:featuredmedia":[{"embeddable":true,"href":"https:\/\/andreastheobald.com\/en\/wp-json\/wp\/v2\/media\/2394"}],"wp:attachment":[{"href":"https:\/\/andreastheobald.com\/en\/wp-json\/wp\/v2\/media?parent=2393"}],"wp:term":[{"taxonomy":"category","embeddable":true,"href":"https:\/\/andreastheobald.com\/en\/wp-json\/wp\/v2\/categories?post=2393"},{"taxonomy":"post_tag","embeddable":true,"href":"https:\/\/andreastheobald.com\/en\/wp-json\/wp\/v2\/tags?post=2393"}],"curies":[{"name":"wp","href":"https:\/\/api.w.org\/{rel}","templated":true}]}}