{"id":237,"date":"2018-04-17T09:16:51","date_gmt":"2018-04-17T09:16:51","guid":{"rendered":"http:\/\/andreastheobald.com\/?p=237"},"modified":"2019-09-16T14:26:37","modified_gmt":"2019-09-16T12:26:37","slug":"jazz-in-dottendorf","status":"publish","type":"post","link":"https:\/\/andreastheobald.com\/en\/jazz-in-dottendorf","title":{"rendered":"Jazz in Dottendorf"},"content":{"rendered":"<p>Letzten Freitag durfte ich mit einer ganz tollen Band bei der Dottendorfer Jazznacht spielen. Der Auftritt war auch deshalb besonders f\u00fcr mich, da ich just in dem Raum, in dem das Konzert stattgefunden hat, noch vor wenigen Jahren Unterricht bei meinem fr\u00fcheren Lehrer und Mentor Marcus Schinkel bekommen habe. Die vertrauten R\u00e4umlichkeiten waren dicht gef\u00fcllt, die Band war sehr gut drauf und so stand einem wundervollen Abend nichts im Wege. Unheimlich dankbar bin ich nicht nur meinen Mitstreitern Christoph M\u00f6ckel, einer Art Jugendheld von mir, Calvin Lennig, Felix Ambach und nat\u00fcrlich der gro\u00dfartigen Sabeth P\u00e9rez, sondern auch den vielen Leuten, die zum Zuh\u00f6ren gekommen sind und teilweise noch ganz tolle Berichte geschrieben haben:<\/p>\n<p>Auf 3songsbonn.com:<\/p>\n<p><a href=\"https:\/\/3songsbonn.com\/2018\/04\/14\/andreas-theobold-quartet\/#more-18010\" target=\"_blank\" rel=\"noopener\">Andreas Theobald Quartet<\/a><\/p>\n<p>Und auf jazzandrock.com:<\/p>\n<blockquote class=\"wp-embedded-content\" data-secret=\"Ty73tPWvml\"><p><a href=\"http:\/\/jazzandrock.com\/?p=6671\" target=\"_blank\" rel=\"noopener\">Andreas Theobald Quartett mit S\u00e4ngerin Sabeth P\u00e9rez bei der Dottendorfer Jazznacht<\/a><\/p><\/blockquote>\n<p><iframe class=\"wp-embedded-content\" sandbox=\"allow-scripts\" security=\"restricted\" style=\"position: absolute; clip: rect(1px, 1px, 1px, 1px);\" src=\"http:\/\/jazzandrock.com\/?p=6671&#038;embed=true#?secret=Ty73tPWvml\" data-secret=\"Ty73tPWvml\" width=\"600\" height=\"338\" title=\"&#8222;Andreas Theobald Quartett mit S\u00e4ngerin Sabeth P\u00e9rez bei der Dottendorfer Jazznacht&#8220; &#8212; jazzandrock.com\" frameborder=\"0\" marginwidth=\"0\" marginheight=\"0\" scrolling=\"no\"><\/iframe><\/p>\n<p>Beitragsbild von Peter \u201eBeppo\u201c Szymanski<\/p>\n","protected":false},"excerpt":{"rendered":"<p>Letzten Freitag durfte ich mit einer ganz tollen Band bei der Dottendorfer Jazznacht spielen. Der Auftritt war auch deshalb besonders f\u00fcr mich, da ich just in dem Raum, in dem [&hellip;]<\/p>\n","protected":false},"author":1,"featured_media":244,"comment_status":"closed","ping_status":"open","sticky":false,"template":"","format":"standard","meta":{"footnotes":""},"categories":[5],"tags":[],"class_list":["post-237","post","type-post","status-publish","format-standard","has-post-thumbnail","hentry","category-news"],"_links":{"self":[{"href":"https:\/\/andreastheobald.com\/en\/wp-json\/wp\/v2\/posts\/237","targetHints":{"allow":["GET"]}}],"collection":[{"href":"https:\/\/andreastheobald.com\/en\/wp-json\/wp\/v2\/posts"}],"about":[{"href":"https:\/\/andreastheobald.com\/en\/wp-json\/wp\/v2\/types\/post"}],"author":[{"embeddable":true,"href":"https:\/\/andreastheobald.com\/en\/wp-json\/wp\/v2\/users\/1"}],"replies":[{"embeddable":true,"href":"https:\/\/andreastheobald.com\/en\/wp-json\/wp\/v2\/comments?post=237"}],"version-history":[{"count":4,"href":"https:\/\/andreastheobald.com\/en\/wp-json\/wp\/v2\/posts\/237\/revisions"}],"predecessor-version":[{"id":663,"href":"https:\/\/andreastheobald.com\/en\/wp-json\/wp\/v2\/posts\/237\/revisions\/663"}],"wp:featuredmedia":[{"embeddable":true,"href":"https:\/\/andreastheobald.com\/en\/wp-json\/wp\/v2\/media\/244"}],"wp:attachment":[{"href":"https:\/\/andreastheobald.com\/en\/wp-json\/wp\/v2\/media?parent=237"}],"wp:term":[{"taxonomy":"category","embeddable":true,"href":"https:\/\/andreastheobald.com\/en\/wp-json\/wp\/v2\/categories?post=237"},{"taxonomy":"post_tag","embeddable":true,"href":"https:\/\/andreastheobald.com\/en\/wp-json\/wp\/v2\/tags?post=237"}],"curies":[{"name":"wp","href":"https:\/\/api.w.org\/{rel}","templated":true}]}}