{"id":2213,"date":"2024-04-19T20:25:40","date_gmt":"2024-04-19T18:25:40","guid":{"rendered":"http:\/\/andreastheobald.com\/?p=2213"},"modified":"2024-04-19T21:46:47","modified_gmt":"2024-04-19T19:46:47","slug":"preistraeger-des-deutschen-jazzpreis-2024","status":"publish","type":"post","link":"https:\/\/andreastheobald.com\/en\/preistraeger-des-deutschen-jazzpreis-2024","title":{"rendered":"Preistr\u00e4ger des Deutschen Jazzpreis 2024"},"content":{"rendered":"\n<p>Das Projekt \u201eA Kind of\u2026 Choral Music\u201c des MDR Rundfunkchores, bei dem ich im letzten Jahr neben Theresia Philipp und Florian Ross von mir komponierte Musik mit dem Chor auff\u00fchren durfte, wurde mit dem Deutschen Jazzpreis 2024 ausgezeichnet. Bei der feierlichen Gala am 18. April im K\u00f6lner E-Werk wurde wir als Beste Rundfunkproduktion des Jahres gek\u00fcrt.<\/p>\n<p>Im Bezug auf das Motto der 47. Leipziger Jazztage \u201eStell die Verbindung her\u201c entstanden die vier &#8220;Scattered Pieces of Advice&#8221; und das Werk &#8220;Es d\u00fcrfte nie die Nacht vergehen&#8221; f\u00fcr Chor und Akkordeon, dass sich inhaltlich mit der Wendezeit und ihren Folgen aus west- und ostdeutscher Perspektive auseinandersetzt.\u00a0<\/p>\n<p>Nach dem ersten Platz beim internationalen Chorkompositionswettbewerb &#8220;Musica Sacra Nova 2021&#8221;, ist es f\u00fcr mich bereits die zweite Auszeichnung f\u00fcr meine Chorarbeit. Ich habe mich unheimlich gefreut und f\u00fchle mich hochmotiviert weiter im Grenzbereich zwischen Jazz und klassischer Chormusik auf musikalische Entdeckungsreisen zu gehen.<\/p>\n<p>\u00a0<\/p>\n<p><a href=\"https:\/\/www.mdr.de\/klassik\/mdr-rundfunkchor\/jazzpreis-rundfunkchor-choral-music-peterskirche-100.html\" target=\"_blank\" rel=\"noopener\">Mehr Informationen gibt es auch hier auf der Internetseite des MDR.<\/a><\/p>\n","protected":false},"excerpt":{"rendered":"<p>Das Projekt \u201eA Kind of\u2026 Choral Music\u201c des MDR Rundfunkchores, bei dem ich im letzten Jahr neben Theresia Philipp und Florian Ross von mir komponierte Musik mit dem Chor auff\u00fchren [&hellip;]<\/p>\n","protected":false},"author":1,"featured_media":2214,"comment_status":"closed","ping_status":"closed","sticky":false,"template":"","format":"standard","meta":{"footnotes":""},"categories":[5],"tags":[],"class_list":["post-2213","post","type-post","status-publish","format-standard","has-post-thumbnail","hentry","category-news"],"_links":{"self":[{"href":"https:\/\/andreastheobald.com\/en\/wp-json\/wp\/v2\/posts\/2213","targetHints":{"allow":["GET"]}}],"collection":[{"href":"https:\/\/andreastheobald.com\/en\/wp-json\/wp\/v2\/posts"}],"about":[{"href":"https:\/\/andreastheobald.com\/en\/wp-json\/wp\/v2\/types\/post"}],"author":[{"embeddable":true,"href":"https:\/\/andreastheobald.com\/en\/wp-json\/wp\/v2\/users\/1"}],"replies":[{"embeddable":true,"href":"https:\/\/andreastheobald.com\/en\/wp-json\/wp\/v2\/comments?post=2213"}],"version-history":[{"count":5,"href":"https:\/\/andreastheobald.com\/en\/wp-json\/wp\/v2\/posts\/2213\/revisions"}],"predecessor-version":[{"id":2223,"href":"https:\/\/andreastheobald.com\/en\/wp-json\/wp\/v2\/posts\/2213\/revisions\/2223"}],"wp:featuredmedia":[{"embeddable":true,"href":"https:\/\/andreastheobald.com\/en\/wp-json\/wp\/v2\/media\/2214"}],"wp:attachment":[{"href":"https:\/\/andreastheobald.com\/en\/wp-json\/wp\/v2\/media?parent=2213"}],"wp:term":[{"taxonomy":"category","embeddable":true,"href":"https:\/\/andreastheobald.com\/en\/wp-json\/wp\/v2\/categories?post=2213"},{"taxonomy":"post_tag","embeddable":true,"href":"https:\/\/andreastheobald.com\/en\/wp-json\/wp\/v2\/tags?post=2213"}],"curies":[{"name":"wp","href":"https:\/\/api.w.org\/{rel}","templated":true}]}}