{"id":2117,"date":"2023-09-30T00:28:00","date_gmt":"2023-09-29T22:28:00","guid":{"rendered":"http:\/\/andreastheobald.com\/?p=2117"},"modified":"2023-09-30T00:28:43","modified_gmt":"2023-09-29T22:28:43","slug":"urauffuehrung-credo","status":"publish","type":"post","link":"https:\/\/andreastheobald.com\/en\/urauffuehrung-credo","title":{"rendered":"Urauff\u00fchrung: \"Credo\""},"content":{"rendered":"\n<p class=\"p1\">Zum Anlass der Erstauff\u00fchrung meines \u201eCredos\u201c 30.9. in der Heilbronner Kilianskirche, m\u00f6chte ich einige Gedanken \u00fcber dieses St\u00fcck teilen.<\/p>\n<p class=\"p1\">Mein Credo besteht aus zwei W\u00f6rtern: \u201cCredo, Amen.&#8221; &#8211; &#8220;Ich glaube, so sei es&#8221;. So die vielleicht einfachste \u00dcbersetzung. Aber ich habe mich gefragt, was es eigentlich hei\u00dft etwas zu glauben? Etwas zu wissen, ohne es zu wissen? Etwas zu hoffen oder vielleicht sogar etwas zu erahnen, was man eigentlich nicht wissen kann? &#8220;Ich glaube&#8221; hei\u00dft doch eine \u00dcberzeugung zu haben und dann folgt doch ein \u201eAmen&#8221;, dem man ja nachsagt, dass nichts anderes in der Kirche so sicher sei. Dabei relativiert es das sicher geglaubte wieder ein St\u00fcck weit. Es ist f\u00fcr mich ein tiefer Ausdruck von Demut, von der eigenen Fehlbarkeit und doch so von Hoffnung erf\u00fcllt.<\/p>\n<p class=\"p1\">F\u00fcr mich erscheint es paradox ein kollektives Gebet im Singular zu beten. In seiner Paraphrase des \u201eCredo\u201c w\u00e4hlt Rudolf Alexander Schr\u00f6der wom\u00f6glich auch deshalb den Plural \u201e<i>Wir<\/i> glauben Gott im h\u00f6chsten Thron\u201c. Das \u201eCredo\u201c birgt doch die Gefahr als Machtinstrument zu fungieren, um zweifelnde, hinterfragende Menschen einzunorden. Aus &#8220;ich glaube\u201c wird \u201edu hast gef\u00e4lligst zu glauben!\u201c. Schon in der Entstehung hat dieser Text ein spaltendes Potential entwickelt. Wie facettenreich und individuell kann doch ein \u201eich glaube\u201c sein. Sprich neunundf\u00fcnfzig Male hintereinander diese Worte und du kannst mindestens neunundf\u00fcnfzig verschiedene Nuancen entdecken. Ein St\u00fcck aus nur zwei Worten mag auf den ersten Eindruck leer erscheinen, aber zwischen den Zeilen ist f\u00fcr uns alle Platz, f\u00fcr unsere pers\u00f6nliche \u00dcberzeugung und vier Saiten.<\/p>\n<p>\u00a0<\/p>\n<p class=\"p1\">Das St\u00fcck wird nun mehrmals vom Bonner Vokalensemble unter der Leitung von Ulrike Ludewig und mit meiner Mutter, Martina Theobald, an der Violine aufgef\u00fchrt. Folgende Termine sind geplant:<\/p>\n<p class=\"p3\"><strong>Samstag, 30. September 2023, 18 Uhr,<\/strong><span class=\"s1\"><br \/><\/span><strong>Kilianskirche,\u00a0Kaiserstra\u00dfe 38, Heilbronn<\/strong><\/p>\n<p class=\"p3\"><strong>Sonntag, 1. Oktober 2023,\u00a018 Uhr,\u00a0<span class=\"s1\"><br \/><\/span>Ged\u00e4chtniskirche,\u00a0H\u00f6lderlinstra\u00dfe 14,\u00a0Stuttgart-Nord<\/strong><\/p>\n<p class=\"p3\"><strong>Samstag, 28. Oktober 2023, 18 Uhr,<span class=\"s1\"><br \/><\/span>St. Margareta, K\u00f6nigswinter-Stieldorf<\/strong><\/p>\n<p class=\"p3\"><strong>Sonntag, 29. Oktober 2023, 19 Uhr,<span class=\"s1\"><br \/><\/span>Lutherkirche, Bonn-S\u00fcdstadt<\/strong><\/p>\n","protected":false},"excerpt":{"rendered":"<p>Zum Anlass der Erstauff\u00fchrung meines \u201eCredos\u201c 30.9. in der Heilbronner Kilianskirche, m\u00f6chte ich einige Gedanken \u00fcber dieses St\u00fcck teilen. Mein Credo besteht aus zwei W\u00f6rtern: \u201cCredo, Amen.&#8221; &#8211; &#8220;Ich glaube, [&hellip;]<\/p>\n","protected":false},"author":1,"featured_media":2121,"comment_status":"closed","ping_status":"closed","sticky":false,"template":"","format":"standard","meta":{"footnotes":""},"categories":[5],"tags":[],"class_list":["post-2117","post","type-post","status-publish","format-standard","has-post-thumbnail","hentry","category-news"],"_links":{"self":[{"href":"https:\/\/andreastheobald.com\/en\/wp-json\/wp\/v2\/posts\/2117","targetHints":{"allow":["GET"]}}],"collection":[{"href":"https:\/\/andreastheobald.com\/en\/wp-json\/wp\/v2\/posts"}],"about":[{"href":"https:\/\/andreastheobald.com\/en\/wp-json\/wp\/v2\/types\/post"}],"author":[{"embeddable":true,"href":"https:\/\/andreastheobald.com\/en\/wp-json\/wp\/v2\/users\/1"}],"replies":[{"embeddable":true,"href":"https:\/\/andreastheobald.com\/en\/wp-json\/wp\/v2\/comments?post=2117"}],"version-history":[{"count":4,"href":"https:\/\/andreastheobald.com\/en\/wp-json\/wp\/v2\/posts\/2117\/revisions"}],"predecessor-version":[{"id":2154,"href":"https:\/\/andreastheobald.com\/en\/wp-json\/wp\/v2\/posts\/2117\/revisions\/2154"}],"wp:featuredmedia":[{"embeddable":true,"href":"https:\/\/andreastheobald.com\/en\/wp-json\/wp\/v2\/media\/2121"}],"wp:attachment":[{"href":"https:\/\/andreastheobald.com\/en\/wp-json\/wp\/v2\/media?parent=2117"}],"wp:term":[{"taxonomy":"category","embeddable":true,"href":"https:\/\/andreastheobald.com\/en\/wp-json\/wp\/v2\/categories?post=2117"},{"taxonomy":"post_tag","embeddable":true,"href":"https:\/\/andreastheobald.com\/en\/wp-json\/wp\/v2\/tags?post=2117"}],"curies":[{"name":"wp","href":"https:\/\/api.w.org\/{rel}","templated":true}]}}