{"id":179,"date":"2017-12-31T01:20:52","date_gmt":"2017-12-31T01:20:52","guid":{"rendered":"http:\/\/andreastheobald.com\/?p=179"},"modified":"2019-08-17T10:46:57","modified_gmt":"2019-08-17T08:46:57","slug":"zypernreise","status":"publish","type":"post","link":"https:\/\/andreastheobald.com\/en\/zypernreise","title":{"rendered":"Zypernreise"},"content":{"rendered":"<p>Kurz vor Weihnachten durfte ich mit dem JJO NRW eine Reise nach Zypern unternehmen. Auf Einladung der Botschaft haben wir zwei Konzerte in der geteilten Hauptstadt Nikosia gespielt. Die ganze Insel ist durch eine von UN-Truppen bewachte Demarkationszone (&#8220;Green-Zone&#8221; genannt) geteilt. Im Norden besteht &#8220;de facto&#8221; die T\u00fcrkische Republik Zypern und der S\u00fcden ist als Republik Zypern Teil der EU. Seit Anbeginn der Menschheitsgeschichte ist die Insel Zeuge von vielen V\u00f6lkern und Kulturen geworden, deren vielf\u00e4ltige Spuren man bis heute mannigfaltig bewundern kann. Eine einmalige Stadtf\u00fchrung f\u00fchrte uns \u00fcber die Grenze hinweg\u00a0von einer Armenischen Kirche zu einer Moschee, \u00fcber eine orthodoxen Kirche und eine maronitischen Kirche bis hin zu einer r\u00f6misch-katholischen Kirche. Lange Zeit sind die Bev\u00f6lkerungsgruppen der Insel mehr oder weniger friedlich miteinander auskommen. In der zweiten H\u00e4lfte des letzten Jahrhunderts nahm das Auskommen jedoch eher eine weniger friedliche Gestalt an. Nach der Unabh\u00e4ngigkeit vom britischen Empire m\u00fcndeten Umsiedelungen, Vertreibung, Mord und Verfolgung in den 70er Jahren\u00a0in einem kurzen Krieg, der das Land geteilt zur\u00fccklie\u00df. Unser Stadtf\u00fchrer, Mitarbeiter eines unabh\u00e4ngigen Friedensprojekt, erkl\u00e4rte uns, dass es zwei Narrative des Konfliktes g\u00e4be. Die griechisch-zypriotische Version ist, dass der Norden v\u00f6lkerrechtswidrig von T\u00fcrkischen Truppen besetzt worden sei. T\u00fcrkische Zyprioten hingegen betonen, dass die Besetzung eine Schutzma\u00dfnahme nach einem griechischen Putsch, der einen Anschlu\u00df Zyperns an Griechenland zur Folge gehabt h\u00e4tte, gewesen sei. Im Zuge des Konfliktes wurden auf beiden Seiten \u00fcber 200.000 Menschen zwangsweise umgesiedelt. Die Spuren all dieser Dinge haben uns auf der Reise begleitet und waren sehr beeindruckend. Ich empfehle eine Reise auf diese vielf\u00e4ltige Insel auch denen, die nur an ein wenig Sonne w\u00e4hrend des grauen, deutschen Winters interessiert sind!<\/p>\n","protected":false},"excerpt":{"rendered":"<p>Kurz vor Weihnachten durfte ich mit dem JJO NRW eine Reise nach Zypern unternehmen. Auf Einladung der Botschaft haben wir zwei Konzerte in der geteilten Hauptstadt Nikosia gespielt. Die ganze [&hellip;]<\/p>\n","protected":false},"author":1,"featured_media":181,"comment_status":"closed","ping_status":"closed","sticky":false,"template":"","format":"standard","meta":{"footnotes":""},"categories":[5],"tags":[],"class_list":["post-179","post","type-post","status-publish","format-standard","has-post-thumbnail","hentry","category-news"],"_links":{"self":[{"href":"https:\/\/andreastheobald.com\/en\/wp-json\/wp\/v2\/posts\/179","targetHints":{"allow":["GET"]}}],"collection":[{"href":"https:\/\/andreastheobald.com\/en\/wp-json\/wp\/v2\/posts"}],"about":[{"href":"https:\/\/andreastheobald.com\/en\/wp-json\/wp\/v2\/types\/post"}],"author":[{"embeddable":true,"href":"https:\/\/andreastheobald.com\/en\/wp-json\/wp\/v2\/users\/1"}],"replies":[{"embeddable":true,"href":"https:\/\/andreastheobald.com\/en\/wp-json\/wp\/v2\/comments?post=179"}],"version-history":[{"count":3,"href":"https:\/\/andreastheobald.com\/en\/wp-json\/wp\/v2\/posts\/179\/revisions"}],"predecessor-version":[{"id":198,"href":"https:\/\/andreastheobald.com\/en\/wp-json\/wp\/v2\/posts\/179\/revisions\/198"}],"wp:featuredmedia":[{"embeddable":true,"href":"https:\/\/andreastheobald.com\/en\/wp-json\/wp\/v2\/media\/181"}],"wp:attachment":[{"href":"https:\/\/andreastheobald.com\/en\/wp-json\/wp\/v2\/media?parent=179"}],"wp:term":[{"taxonomy":"category","embeddable":true,"href":"https:\/\/andreastheobald.com\/en\/wp-json\/wp\/v2\/categories?post=179"},{"taxonomy":"post_tag","embeddable":true,"href":"https:\/\/andreastheobald.com\/en\/wp-json\/wp\/v2\/tags?post=179"}],"curies":[{"name":"wp","href":"https:\/\/api.w.org\/{rel}","templated":true}]}}