{"id":1564,"date":"2022-06-29T15:46:00","date_gmt":"2022-06-29T13:46:00","guid":{"rendered":"http:\/\/andreastheobald.com\/?p=1564"},"modified":"2023-01-18T23:28:40","modified_gmt":"2023-01-18T22:28:40","slug":"auf-wanderschaft-teil-2-riga","status":"publish","type":"post","link":"https:\/\/andreastheobald.com\/en\/auf-wanderschaft-teil-2-riga","title":{"rendered":"Auf Wanderschaft (Teil 2 - Riga)"},"content":{"rendered":"\t\t<div data-elementor-type=\"wp-post\" data-elementor-id=\"1564\" class=\"elementor elementor-1564\">\n\t\t\t\t\t\t<section class=\"elementor-section elementor-top-section elementor-element elementor-element-d43a804 elementor-section-boxed elementor-section-height-default elementor-section-height-default\" data-id=\"d43a804\" data-element_type=\"section\" data-e-type=\"section\">\n\t\t\t\t\t\t<div class=\"elementor-container elementor-column-gap-default\">\n\t\t\t\t\t<div class=\"elementor-column elementor-col-100 elementor-top-column elementor-element elementor-element-affdd6f\" data-id=\"affdd6f\" data-element_type=\"column\" data-e-type=\"column\">\n\t\t\t<div class=\"elementor-widget-wrap elementor-element-populated\">\n\t\t\t\t\t\t<div class=\"elementor-element elementor-element-7849601 elementor-widget elementor-widget-wp-widget-text\" data-id=\"7849601\" data-element_type=\"widget\" data-e-type=\"widget\" data-widget_type=\"wp-widget-text.default\">\n\t\t\t\t<div class=\"elementor-widget-container\">\n\t\t\t\t\t\t\t\t<div class=\"textwidget\"><p class=\"p1\"><b>Bedrohliche Ruhe<\/b><\/p>\n<p class=\"p1\">Sonnig aber kalt ist es an diesem Nachmittag in Riga. Auf dem Sockel des Freiheitsdenkmals r\u00e4umen zwei Freiwillige das Blumenmeer ein, das dort vor ein paar Tagen in Erinnerung an die wiedererlangte Unabh\u00e4ngigkeit Lettlands zusammengetragen wurde. Das Monument aus der Zwischenkriegszeit hat die deutsche und sowjetische Besatzung auf wundersame Weise \u00fcberlebt und wird tags\u00fcber von zwei Soldaten in Paradeuniform bewacht. Das kleine Land grenzt an Belarus und Russland, wobei der Anteil ethnischer Russen mit ca. 27% deutlich h\u00f6her ist, als in weiten Teilen der Ukraine. Umso nerv\u00f6ser ist die Grundstimmung in Anbetracht des russischen Angriffskrieges auf die Ukraine.<\/p>\n<\/div>\n\t\t\t\t\t\t<\/div>\n\t\t\t\t<\/div>\n\t\t\t\t<div class=\"elementor-element elementor-element-7cbd082 elementor-widget elementor-widget-wp-widget-text\" data-id=\"7cbd082\" data-element_type=\"widget\" data-e-type=\"widget\" data-widget_type=\"wp-widget-text.default\">\n\t\t\t\t<div class=\"elementor-widget-container\">\n\t\t\t\t\t\t\t\t<div class=\"textwidget\"><p class=\"p1\"><b>Stadtspaziergang<\/b><\/p>\n<p class=\"p1\">Ungew\u00f6hnlich viele lettische und ukrainische Fahnen wehen auch an privaten Geb\u00e4uden. Beim Spaziergang durch die rigaische Innenstadt fallen mir auch die hervorragend restaurierten H\u00e4user auf, die mich augenblicklich auf eine Zeitreise schicken. Pl\u00f6tzlich bin ich von einem dutzend M\u00e4nnern mit Zylinder, Frauen im Reifrock und Soldaten in zaristischen Uniformen umgeben &#8211; durch die Mengen toben zwei dreckverschmierte Kinder. Einen Moment wirkt der Schein, bis ich die ersten LKW-Anh\u00e4nger einer Filmproduktionsfirma auf dem Domplatz erblicke.<\/p>\n<\/div>\n\t\t\t\t\t\t<\/div>\n\t\t\t\t<\/div>\n\t\t\t\t<div class=\"elementor-element elementor-element-d9aa229 elementor-widget elementor-widget-wp-widget-text\" data-id=\"d9aa229\" data-element_type=\"widget\" data-e-type=\"widget\" data-widget_type=\"wp-widget-text.default\">\n\t\t\t\t<div class=\"elementor-widget-container\">\n\t\t\t\t\t\t\t\t<div class=\"textwidget\"><p class=\"p1\"><b>Konzert im wilden Westen<\/b><\/p>\n<p class=\"p1\">Es ist Abend geworden und das lange Durchforsten lettischer Internetseiten f\u00fchrt uns auf die andere Seite des Flusses Dina. Auch das Pardaugava Viertel hat die Z\u00fcge eines Filmsets, doch die dortigen Holzh\u00e4user aus dem 19. Jahrhundert erinnern interessanterweise eher an einen Wildwestfilm. Das heutige Konzert ist tats\u00e4chlich ein Benefizkonzert zu Gunsten ukrainischer Fl\u00fcchtlinge und das Programm ist dem Frieden gewidmet. Mit besonderer Spannung sitze ich auf der Empore der gro\u00dfen lutherischen Backsteinkirche, denn ich kenne keinen der Komponisten auf dem Programmheft. W\u00e4hrend die letzten Strahlen der tiefliegenden Sonne durch die langen Fenster scheinen, stimmt der Jugendchor aus der \u201eDoma kora skola\u201c das erste St\u00fcck an: \u201eMilas dziesmas &#8211; P. Vasks\u201c.<\/p>\n<\/div>\n\t\t\t\t\t\t<\/div>\n\t\t\t\t<\/div>\n\t\t\t\t<div class=\"elementor-element elementor-element-8044e73 elementor-widget elementor-widget-video\" data-id=\"8044e73\" data-element_type=\"widget\" data-e-type=\"widget\" data-settings=\"{&quot;youtube_url&quot;:&quot;https:\\\/\\\/youtu.be\\\/W7KW-yf9P-8?t=718&quot;,&quot;start&quot;:718,&quot;video_type&quot;:&quot;youtube&quot;,&quot;controls&quot;:&quot;yes&quot;}\" data-widget_type=\"video.default\">\n\t\t\t\t<div class=\"elementor-widget-container\">\n\t\t\t\t\t\t\t<div class=\"elementor-wrapper elementor-open-inline\">\n\t\t\t<div class=\"elementor-video\"><\/div>\t\t<\/div>\n\t\t\t\t\t\t<\/div>\n\t\t\t\t<\/div>\n\t\t\t\t<div class=\"elementor-element elementor-element-442bb8a elementor-widget elementor-widget-wp-widget-text\" data-id=\"442bb8a\" data-element_type=\"widget\" data-e-type=\"widget\" data-widget_type=\"wp-widget-text.default\">\n\t\t\t\t<div class=\"elementor-widget-container\">\n\t\t\t\t\t\t\t\t<div class=\"textwidget\"><p class=\"p1\">Seit diesem Konzert suche ich vergeblich nach einer Aufnahme dieser \u201eLove Songs\u201c, die auch nur ann\u00e4hernd an die Auff\u00fchrung in Riga herankommt. Die jungen Stimmen des Chores haben eine derartige Leichtigkeit und schaffen es dennoch unheimlich pr\u00e4zise die feinen Sekundreibungen zu intonieren, die einem mit jedem Vorhalt Tr\u00e4nen in die Augen treiben. V\u00f6llig ger\u00fchrt google ich noch im Schlussapplaus nach dem Komponisten, den ich eher in der ersten H\u00e4lfte des 20. Jahrhunderts verorte. Das erste Bild zeigt einen glatzk\u00f6pfig-vollb\u00e4rtigen Mann, der obwohl er nicht l\u00e4chelt eine sehr sympathische Ausstrahlung hat. Als ich vom Handy aufschaue sehe ich ihn wieder, wie er gerade winkend und dem Chor applaudierend nach vorne geholt wird. Peteris Vasks ist einer der bekanntesten baltischen Komponisten und ich bin etwas besch\u00e4mt ihn nicht fr\u00fcher entdeckt zu haben. Als eines seiner bekanntesten Werke gilt \u201eMusica dolorossa\u201c, das auch ein Ausdruck des Leidens unter der sovietischen Besatzung ist. Er steht f\u00fcr den \u00dcbergang in die Unabh\u00e4ngigkeit und die singende Revolution.<\/p>\n<\/div>\n\t\t\t\t\t\t<\/div>\n\t\t\t\t<\/div>\n\t\t\t\t<div class=\"elementor-element elementor-element-d77e2e3 elementor-widget elementor-widget-wp-widget-text\" data-id=\"d77e2e3\" data-element_type=\"widget\" data-e-type=\"widget\" data-widget_type=\"wp-widget-text.default\">\n\t\t\t\t<div class=\"elementor-widget-container\">\n\t\t\t\t\t\t\t\t<div class=\"textwidget\"><p class=\"p1\"><b>Jetlagstunde<\/b><\/p>\n<p class=\"p1\">Es ist 10h am Vormittag und aufgeregt gehe ich in Richtung des Copyshops, der auf der anderen Seite des Freiheitsdenkmals liegt. Nach einigem Mailkontakt m\u00f6chte ich noch ein paar meiner Kompositionen ausdrucken, um sie in einer Dreiviertelstunde dem Komponisten Eriks E\u0161envalds zu pr\u00e4sentieren. Auch sein Bildchen wirkt auf Anhieb sympathisch, wie es auf der R\u00fcckseite der Noten von \u201eOnly in Sleep\u201c neben dem Klappentext winkt. Etwas pathetisch muten dort die S\u00e4tze an: \u201e\u2026it is important for me to create sounds that I truly feel. I conclude that I am constantly changing, searching for new paths, but absolutely not, once having found them, mass producing them.\u201c<\/p>\n<p class=\"p1\">Schon stehe ich im klassizistischen Foyer der Musikakademie, wo mich Eriks abholen will und versuche alle Treppen und T\u00fcren im Auge zu behalten, um ihn nicht zu verpassen. Fast h\u00e4tte es n\u00e4mlich nicht mehr geklappt ihn zu treffen, da er erst gestern Abend kurz vor meiner R\u00fcckreise nach Deutschland selbst aus den USA zur\u00fcckgekehrt ist. Nerv\u00f6s blicke ich auf die Uhr und sehe meinen kurzen Unterrichts-Slot dahinschwinden. Schlie\u00dflich fasse ich mir ein Herz und frage die Pf\u00f6rtnerin mit H\u00e4nden und F\u00fc\u00dfen nach dem Weg zu seinem Raum. Schnell ist die Situation aufgekl\u00e4rt und entgeistert entschuldigt sich Eriks f\u00fcr das Missverst\u00e4ndnis und beklagt die Zeitverschiebung, die ihm zusetze. Gleich ist er in der Materie und<span class=\"Apple-converted-space\"> fordert von mir eine Partitur nach der anderen.<\/span><\/p>\n<\/div>\n\t\t\t\t\t\t<\/div>\n\t\t\t\t<\/div>\n\t\t\t\t<div class=\"elementor-element elementor-element-5df8937 elementor-widget elementor-widget-wp-widget-text\" data-id=\"5df8937\" data-element_type=\"widget\" data-e-type=\"widget\" data-widget_type=\"wp-widget-text.default\">\n\t\t\t\t<div class=\"elementor-widget-container\">\n\t\t\t\t\t\t\t\t<div class=\"textwidget\"><p class=\"p1\"><b>What else you got?<\/b><\/p>\n<p class=\"p1\">Langsam gehen mir die St\u00fccke aus und am Ende sieht sich Eriks von mir so ziemlich alles an, was mehr oder weniger pr\u00e4sentabel ist. Er geht trotzdem ins Detail, schl\u00e4gt hier und da \u00c4nderungen vor, die er gleich in die Noten eintr\u00e4gt. Manchmal guckt er nur kurz \u00fcber die Noten und fragt dann direkt nach dem n\u00e4chsten St\u00fcck. \u201eAsk yourself, is that the best I can do?\u201c &#8211; die S\u00e4tze aus dem Klappentext werden pl\u00f6tzlich lebendig. Ihm ist es wichtig sich im Kompositionsprozess immer wieder zu hinterfragen und ich wiederum verstehe es in beide Richtung: Auf der einen Seite um festgefahrene Wege und Generall\u00f6sungen in Frage zu stellen, aber auf der anderen Seite auch um im Zweifelsfall zu erkennen, dass ich es gerade nicht besser hinbekomme und weitermachen kann. Zu meiner \u00dcberraschung will er sogar mein Jazzalbum h\u00f6ren: \u201eShow me the sheet music of that!\u201c Auf dem Rechner krame ich nach den ausgeschriebenen Schlussakkorden von dem St\u00fcck \u201eKinderspiel\u201c und er nickt mir zu: \u201eThat is what you should write like for choir!\u201c Direkt gibt er mir eine Anwendungsm\u00f6glichkeit und entl\u00e4sst mich doch erst nach anderthalb Stunden inspiriert in die sonnige K\u00e4lte. Die n\u00e4chste Station liegt f\u00fcr mich auf der anderen Seite des gro\u00dfen Teiches, in New York!<\/p>\n<\/div>\n\t\t\t\t\t\t<\/div>\n\t\t\t\t<\/div>\n\t\t\t\t\t<\/div>\n\t\t<\/div>\n\t\t\t\t\t<\/div>\n\t\t<\/section>\n\t\t\t\t<section class=\"elementor-section elementor-top-section elementor-element elementor-element-f5e6ca1 elementor-section-boxed elementor-section-height-default elementor-section-height-default\" data-id=\"f5e6ca1\" data-element_type=\"section\" data-e-type=\"section\">\n\t\t\t\t\t\t<div class=\"elementor-container elementor-column-gap-default\">\n\t\t\t\t\t<div class=\"elementor-column elementor-col-100 elementor-top-column elementor-element elementor-element-4e6986c\" data-id=\"4e6986c\" data-element_type=\"column\" data-e-type=\"column\">\n\t\t\t<div class=\"elementor-widget-wrap elementor-element-populated\">\n\t\t\t\t\t\t<div class=\"elementor-element elementor-element-a2d14ab elementor-widget elementor-widget-wp-widget-text\" data-id=\"a2d14ab\" data-element_type=\"widget\" data-e-type=\"widget\" data-widget_type=\"wp-widget-text.default\">\n\t\t\t\t<div class=\"elementor-widget-container\">\n\t\t\t\t\t\t\t\t<div class=\"textwidget\"><h3 class=\"LC20lb MBeuO DKV0Md\">\ud83e\uddc0\ud83e\uddc0\ud83e\uddc0<\/h3>\n<p><strong>Further listening:<\/strong><br \/>\n\u0112riks E\u0161envalds&#8217; &#8220;Stars&#8221;<br \/>\n<a href=\"https:\/\/www.youtube.com\/watch?v=d7QmShkIo_E\" target=\"_blank\" rel=\"noopener\">https:\/\/www.youtube.com\/watch?v=d7QmShkIo_E<\/a><\/p>\n<p>\u0112riks E\u0161envalds&#8217; &#8220;Only in Sleep&#8221;<br \/>\n<a href=\"https:\/\/www.youtube.com\/watch?v=fvPynMI6Umc\" target=\"_blank\" rel=\"noopener\">https:\/\/www.youtube.com\/watch?v=fvPynMI6Umc<\/a><\/p>\n<h3 class=\"LC20lb MBeuO DKV0Md\">\ud83e\uddc0\ud83e\uddc0\ud83e\uddc0<\/h3>\n<\/div>\n\t\t\t\t\t\t<\/div>\n\t\t\t\t<\/div>\n\t\t\t\t\t<\/div>\n\t\t<\/div>\n\t\t\t\t\t<\/div>\n\t\t<\/section>\n\t\t\t\t<\/div>\n\t\t","protected":false},"excerpt":{"rendered":"<p>Der zweite Teil meiner Reise f\u00fchrt mich in das lettische Riga. Die wundersch\u00f6ne Stadt an dem nach ihr benannten Golf gelegen wartet mit gro\u00dfartiger Chormusik und einer Unterrichtsstunde bei \u0112riks E\u0161envalds auf.<\/p>\n","protected":false},"author":1,"featured_media":1567,"comment_status":"closed","ping_status":"closed","sticky":false,"template":"","format":"standard","meta":{"footnotes":""},"categories":[5],"tags":[],"class_list":["post-1564","post","type-post","status-publish","format-standard","has-post-thumbnail","hentry","category-news"],"_links":{"self":[{"href":"https:\/\/andreastheobald.com\/en\/wp-json\/wp\/v2\/posts\/1564","targetHints":{"allow":["GET"]}}],"collection":[{"href":"https:\/\/andreastheobald.com\/en\/wp-json\/wp\/v2\/posts"}],"about":[{"href":"https:\/\/andreastheobald.com\/en\/wp-json\/wp\/v2\/types\/post"}],"author":[{"embeddable":true,"href":"https:\/\/andreastheobald.com\/en\/wp-json\/wp\/v2\/users\/1"}],"replies":[{"embeddable":true,"href":"https:\/\/andreastheobald.com\/en\/wp-json\/wp\/v2\/comments?post=1564"}],"version-history":[{"count":40,"href":"https:\/\/andreastheobald.com\/en\/wp-json\/wp\/v2\/posts\/1564\/revisions"}],"predecessor-version":[{"id":1678,"href":"https:\/\/andreastheobald.com\/en\/wp-json\/wp\/v2\/posts\/1564\/revisions\/1678"}],"wp:featuredmedia":[{"embeddable":true,"href":"https:\/\/andreastheobald.com\/en\/wp-json\/wp\/v2\/media\/1567"}],"wp:attachment":[{"href":"https:\/\/andreastheobald.com\/en\/wp-json\/wp\/v2\/media?parent=1564"}],"wp:term":[{"taxonomy":"category","embeddable":true,"href":"https:\/\/andreastheobald.com\/en\/wp-json\/wp\/v2\/categories?post=1564"},{"taxonomy":"post_tag","embeddable":true,"href":"https:\/\/andreastheobald.com\/en\/wp-json\/wp\/v2\/tags?post=1564"}],"curies":[{"name":"wp","href":"https:\/\/api.w.org\/{rel}","templated":true}]}}