{"id":1483,"date":"2022-05-14T11:40:00","date_gmt":"2022-05-14T09:40:00","guid":{"rendered":"http:\/\/andreastheobald.com\/?p=1483"},"modified":"2022-05-14T16:53:19","modified_gmt":"2022-05-14T14:53:19","slug":"wanderschaft-teil-1","status":"publish","type":"post","link":"https:\/\/andreastheobald.com\/en\/wanderschaft-teil-1","title":{"rendered":"Auf Wanderschaft (Teil 1 - Porto)"},"content":{"rendered":"\t\t<div data-elementor-type=\"wp-post\" data-elementor-id=\"1483\" class=\"elementor elementor-1483\">\n\t\t\t\t\t\t<section class=\"elementor-section elementor-top-section elementor-element elementor-element-7add78f3 elementor-section-boxed elementor-section-height-default elementor-section-height-default\" data-id=\"7add78f3\" data-element_type=\"section\" data-e-type=\"section\">\n\t\t\t\t\t\t<div class=\"elementor-container elementor-column-gap-default\">\n\t\t\t\t\t<div class=\"elementor-column elementor-col-100 elementor-top-column elementor-element elementor-element-5759f930\" data-id=\"5759f930\" data-element_type=\"column\" data-e-type=\"column\">\n\t\t\t<div class=\"elementor-widget-wrap elementor-element-populated\">\n\t\t\t\t\t\t<div class=\"elementor-element elementor-element-8e2eeb0 elementor-widget elementor-widget-wp-widget-text\" data-id=\"8e2eeb0\" data-element_type=\"widget\" data-e-type=\"widget\" data-widget_type=\"wp-widget-text.default\">\n\t\t\t\t<div class=\"elementor-widget-container\">\n\t\t\t\t\t\t\t\t<div class=\"textwidget\"><p class=\"p3\"><span style=\"font-weight: bold\">Begrifflichkeiten<\/span><\/p>\n<p class=\"p3\">Dem einen oder der anderen m\u00f6gen die Begriffe \u201eWanderschaft\u201c oder \u201eFremder\u201c bitter aufsto\u00dfen. Rechtspopulistische Kr\u00e4fte in Deutschland spielen in ihrem W\u00f6rterkrieg nur allzu gern mit ihnen. Dabei sind sie als Teil einer alten Praxis von Wissenstransfer fest in die mitteleurop\u00e4ische Kulturgeschichte implantiert. Wie im Zimmerer-Handwerk heute noch \u00fcblich, ist mein Ur-ur-Gro\u00dfvater noch als Wandergeselle durch die fr\u00e4nkischen Lande gezogen, um \u00fcberregional bei verschiedenen Wagnern\/Wagenbauern zu lernen und zu arbeiten. Nicht unbedingt negativ konnotiert wurden die Gesellen als \u201eFremde\u201c bezeichnet und so erschlie\u00dft sich f\u00fcr mich endlich der Vers &#8220;Fremd bin ich eingezogen&#8221; von Schuberts \u201eWinterreise\u201c. Auch meine Schwester, die das Schuhmacherhandwerk gelernt hat, begab sich nach ihrer Gesellen*innenpr\u00fcfung auf eine kleine Walz und hat mich zu meinem eigenen Vorhaben inspiriert. Ich will mir die Freiheit nehmen einen fremden Ort zu erleben, mir eine Lehrer*in suchen und Musik schreiben!<\/p>\n<\/div>\n\t\t\t\t\t\t<\/div>\n\t\t\t\t<\/div>\n\t\t\t\t<div class=\"elementor-element elementor-element-c5ed085 elementor-widget elementor-widget-wp-widget-text\" data-id=\"c5ed085\" data-element_type=\"widget\" data-e-type=\"widget\" data-widget_type=\"wp-widget-text.default\">\n\t\t\t\t<div class=\"elementor-widget-container\">\n\t\t\t\t\t\t\t\t<div class=\"textwidget\"><p class=\"p3\"><span style=\"font-weight: bold\">Am Anfang war Carlos<\/span><\/p>\n<p class=\"p3\">Mit ungef\u00e4hr 16 Jahren, als ich langsam begonnen habe Jazzmusik zu entdecken, hat mir ein Freund das Bigband-Album von Kurt Rosenwinkel gezeigt, welches mich durch meine gesamte Oberstufenzeit begleitet hat. Ich erinnere mich vor allem an zwei Geschichts-LK-Fahrten nach Polen und Berlin, durch deren bedr\u00fcckende St\u00e4tten ich immer wieder das St\u00fcck \u201eDream of the Old\u201c geh\u00f6rt habe. Wie eine Zeitkapsel haben die verwobenen Kl\u00e4nge aus Klarinettenclustern und halligen Gitarrenakkorden meine damaligen Gef\u00fchlswelten festgehalten. Die gro\u00dfartige Komposition ist von Kurt Rosenwinkel und das magische Arrangement, das ist von Carlos!<\/p>\n<\/div>\n\t\t\t\t\t\t<\/div>\n\t\t\t\t<\/div>\n\t\t\t\t<div class=\"elementor-element elementor-element-1993dc1 elementor-widget elementor-widget-video\" data-id=\"1993dc1\" data-element_type=\"widget\" data-e-type=\"widget\" data-settings=\"{&quot;youtube_url&quot;:&quot;https:\\\/\\\/youtu.be\\\/QTg5vd4eD8o&quot;,&quot;video_type&quot;:&quot;youtube&quot;}\" data-widget_type=\"video.default\">\n\t\t\t\t<div class=\"elementor-widget-container\">\n\t\t\t\t\t\t\t<div class=\"elementor-wrapper elementor-open-inline\">\n\t\t\t<div class=\"elementor-video\"><\/div>\t\t<\/div>\n\t\t\t\t\t\t<\/div>\n\t\t\t\t<\/div>\n\t\t\t\t<div class=\"elementor-element elementor-element-ee30433 elementor-widget elementor-widget-wp-widget-text\" data-id=\"ee30433\" data-element_type=\"widget\" data-e-type=\"widget\" data-widget_type=\"wp-widget-text.default\">\n\t\t\t\t<div class=\"elementor-widget-container\">\n\t\t\t\t\t\t\t\t<div class=\"textwidget\"><p class=\"p3\"><strong>Alte Schuhe auf dem Silbertablett<\/strong><\/p>\n<p class=\"p3\">Carlos Azevedo lebt in Porto und hat als Komponist, Arrangeur und Pianist ma\u00dfgeblich den Sound der dortigen Bigband &#8220;Orquestra Jazz de Matosinhos&#8221; gepr\u00e4gt. Dass er ein Meister der Orchestrierung ist, kommt nicht von ungef\u00e4hr, denn Carlos hat eine klassische Kompositionsausbildung genossen und neben Jazzmusik auch schon klassische Lieder und mehrere Opern geschrieben.<br \/>\nIch f\u00fchle mich geehrt, dass er sich f\u00fcr mich Zeit nimmt, obwohl er eigentlich gerade f\u00fcr die Pr\u00e4sentation seines aktuellen Projektes \u00fcben m\u00fcsste. Seine herzliche Art erzeugt bei mir direkt eine Wohlf\u00fchlatmosph\u00e4re und in\u00a0 mehreren zeitlosen Stunden tauchen wir in seine musikalische Welt ein. Immer wieder betont er die starke Kontinuit\u00e4t des Jazz aus der Klassik. Auf meine Anmerkung der Beginn von &#8220;Dream of the Old&#8221; mit den Offbeat-Akkorden in der Gitarre klinge ein bisschen nach einem brasilianischen Chorinho Einfluss schmunzelt er: &#8220;Dann h\u00f6r dir mal Schuberts Unvollendete an!&#8221; Gleich sucht er die Stelle im ersten Satz der Sinfonie auf YouTube und liefert den alten Schuh auf dem Silbertablett.<br \/>\nAls weiteres klassisches Beispiel zeigt Carlos mir den zweiten Satz aus Bart\u00f3ks &#8220;Konzert f\u00fcr Orchester&#8221;. In einer Art Studie zu Intervallen liefert Bart\u00f3k zugleich ein Paradebeispiel f\u00fcr das Ausspielen der Vorz\u00fcge von Instrumenten. Die kleinen Solo Duette zeigten au\u00dferdem, dass zwei gleiche Instrumente sich manchmal einfach besser mischen als die ein oder andere noch so ausgekl\u00fcgelte Instrumentkombinationen. &#8220;Die kompositorische Idee gibt im Grunde genommen schon die Orchestrierung vor&#8221;, sagt er. Bei &#8220;Dream of the Old&#8221;<i>\u00a0<\/i>habe er nat\u00fcrlich eine Klarinette f\u00fcr die Melodie w\u00e4hlen m\u00fcssen, weil sie nicht nur so nah am Klang der menschlichen Stimme ist und einen so gro\u00dfen Tonumfang hat, sondern auch weil sie wie kein anderes Instrument &#8220;dal niente&#8221; (aus dem nichts) spielen kann.<br \/>\nSo h\u00f6re ich das St\u00fcck mit neuen Ohren und bin froh noch viele weitere Weisheiten von Carlos mitgeschrieben zu haben.<\/p>\n<\/div>\n\t\t\t\t\t\t<\/div>\n\t\t\t\t<\/div>\n\t\t\t\t<div class=\"elementor-element elementor-element-ed6c71a elementor-widget elementor-widget-wp-widget-text\" data-id=\"ed6c71a\" data-element_type=\"widget\" data-e-type=\"widget\" data-widget_type=\"wp-widget-text.default\">\n\t\t\t\t<div class=\"elementor-widget-container\">\n\t\t\t\t\t\t\t\t<div class=\"textwidget\"><p class=\"p3\"><b>Freiheitstag<\/b><\/p>\n<p class=\"p3\">In meiner Zeit in Portugal hat mich besonders der offenkundige Durst nach Kunst und Kultur begeistert. Die zweitgr\u00f6\u00dfte Stadt des Landes hat ein allein schon architektonisch beeindruckendes Konzerthaus mit hervorragenden Ensembles und ambitioniertem Programm. Bei einem Abstecher nach Lissabon sind wir durch Zufall in die Feierlichkeiten zum 25. April geraten. Eine ganz besondere Stimmung herrscht auf dem Platz &#8220;Largo do Carmo&#8221;, wo die Menschen vor einer B\u00fchne zusammen singen und tanzen. Besonders an diesem Schl\u00fcsselort feiern die Portugiesen am Tag der Nelkenrevolution von 1974 die nahezu friedliche Befreiung von einem faschistischen Regime, dessen bildungs- und kulturfeindliche Politik noch heute in den K\u00f6pfen allzu pr\u00e4sent zu sein scheint. In diesen Tagen macht es mir Hoffnung, dass eine solche Gewaltherrschaft in seiner eigenen M\u00fcdigkeit gewaltlos ersticken kann. Ich nehme alle diese Eindr\u00fccke ins lettische Riga mit, wo ich mich als n\u00e4chstes haupts\u00e4chlich der Chormusik widmen m\u00f6chte.<\/p>\n<\/div>\n\t\t\t\t\t\t<\/div>\n\t\t\t\t<\/div>\n\t\t\t\t<div class=\"elementor-element elementor-element-b64938b elementor-widget elementor-widget-wp-widget-text\" data-id=\"b64938b\" data-element_type=\"widget\" data-e-type=\"widget\" data-widget_type=\"wp-widget-text.default\">\n\t\t\t\t<div class=\"elementor-widget-container\">\n\t\t\t\t\t\t\t\t<div class=\"textwidget\"><p><strong>Further listening:<\/strong><\/p>\n<p>Carlos&#8217; neues Album &#8220;Serpente&#8221;, bei dessen Premiere ich beiwohnen durfte<br \/>\n<a href=\"https:\/\/carlosazevedo.bandcamp.com\/album\/serpente\" target=\"_blank\" rel=\"noopener\">https:\/\/carlosazevedo.bandcamp.com\/album\/serpente<\/a><\/p>\n<p>Big Band Album mit Carlos&#8217; eigener Musik<br \/>\n<a href=\"https:\/\/orquestrajazzdematosinhos.bandcamp.com\/album\/ojm-invites-chris-cheek\" target=\"_blank\" rel=\"noopener\">https:\/\/orquestrajazzdematosinhos.bandcamp.com\/album\/ojm-invites-chris-cheek<\/a><\/p>\n<\/div>\n\t\t\t\t\t\t<\/div>\n\t\t\t\t<\/div>\n\t\t\t\t\t<\/div>\n\t\t<\/div>\n\t\t\t\t\t<\/div>\n\t\t<\/section>\n\t\t\t\t<\/div>\n\t\t","protected":false},"excerpt":{"rendered":"<p>Nachdem ich mich lange nicht gemeldet habe, schreibe ich \u00fcber meine Portugalreise. In Porto nehme ich mir die Freiheit einen fremden Ort zu erleben, mir eine Lehrer*In zu suchen und Musik zu schreiben!<\/p>\n","protected":false},"author":1,"featured_media":1496,"comment_status":"closed","ping_status":"closed","sticky":false,"template":"","format":"standard","meta":{"footnotes":""},"categories":[5],"tags":[],"class_list":["post-1483","post","type-post","status-publish","format-standard","has-post-thumbnail","hentry","category-news"],"_links":{"self":[{"href":"https:\/\/andreastheobald.com\/en\/wp-json\/wp\/v2\/posts\/1483","targetHints":{"allow":["GET"]}}],"collection":[{"href":"https:\/\/andreastheobald.com\/en\/wp-json\/wp\/v2\/posts"}],"about":[{"href":"https:\/\/andreastheobald.com\/en\/wp-json\/wp\/v2\/types\/post"}],"author":[{"embeddable":true,"href":"https:\/\/andreastheobald.com\/en\/wp-json\/wp\/v2\/users\/1"}],"replies":[{"embeddable":true,"href":"https:\/\/andreastheobald.com\/en\/wp-json\/wp\/v2\/comments?post=1483"}],"version-history":[{"count":57,"href":"https:\/\/andreastheobald.com\/en\/wp-json\/wp\/v2\/posts\/1483\/revisions"}],"predecessor-version":[{"id":1556,"href":"https:\/\/andreastheobald.com\/en\/wp-json\/wp\/v2\/posts\/1483\/revisions\/1556"}],"wp:featuredmedia":[{"embeddable":true,"href":"https:\/\/andreastheobald.com\/en\/wp-json\/wp\/v2\/media\/1496"}],"wp:attachment":[{"href":"https:\/\/andreastheobald.com\/en\/wp-json\/wp\/v2\/media?parent=1483"}],"wp:term":[{"taxonomy":"category","embeddable":true,"href":"https:\/\/andreastheobald.com\/en\/wp-json\/wp\/v2\/categories?post=1483"},{"taxonomy":"post_tag","embeddable":true,"href":"https:\/\/andreastheobald.com\/en\/wp-json\/wp\/v2\/tags?post=1483"}],"curies":[{"name":"wp","href":"https:\/\/api.w.org\/{rel}","templated":true}]}}