{"id":2273,"global_id":"andreastheobald.com\/en\/?id=2273","global_id_lineage":["andreastheobald.com\/en\/?id=2273"],"author":"1","status":"publish","date":"2024-11-01 14:31:27","date_utc":"2024-11-01 13:31:27","modified":"2024-11-20 16:00:01","modified_utc":"2024-11-20 15:00:01","url":"https:\/\/andreastheobald.com\/en\/tribe_events\/lieder-von-dunkelheit-st-kolumba-koeln","rest_url":"https:\/\/andreastheobald.com\/en\/wp-json\/tribe\/events\/v1\/events\/2273","title":"Lieder. Von Dunkelheit. - St. Kolumba K\u00f6ln","description":"<p><strong>Lieder. Von Dunkelheit.<\/strong><\/p>\n<p><span style=\"color: #141827; font-family: georgia, palatino, serif;\">In einem kontemplativ-experimentellen Konzert widmen sich acht S\u00e4nger*innen einer ambivalenten Zeit, dem Advent. Im Alltag von weihnachtlichen Kitsch und Gloria \u00fcberschattet, sind es doch eigentlich die Zwischent\u00f6ne, der Raum, die Erwartung von Transformation, die diese Zeit ausmachen. Gerade im dunklen Advent fehlen uns oft die Menschen, von denen wir Abschied nehmen mussten. Gleichzeitig steht in ihrem bildlichen Zentrum ein Neuanfang, ein kleines Licht in der Dunkelheit.<\/span><\/p>\n<p><span style=\"color: #141827; font-family: georgia, palatino, serif;\">Die nach den Pl\u00e4nen von Gottfried B\u00f6hm gestaltete Kapelle &#8220;Madonna in den Tr\u00fcmmern\u201c\u00a0ragt aus den \u00dcberresten der im zweiten Weltkrieg zerst\u00f6rten Kolumbakirche hervor. Die unversehrt gebliebene gotische Marienstatue, die zu einem Hoffnungssymbol im Nachkriegs-K\u00f6ln wurde, steht in ihrem Zentrum.<\/span><\/p>\n<p><span style=\"font-family: georgia, palatino, serif;\"><span style=\"color: #141827;\">Eingeladen sind alle, die sich gemeinsam diesem Ort, dieser Jahreszeit und sich Selbst kontemplativ n\u00e4hern m\u00f6chten \u2013 in Musik, Worten und Stille. Wir singen Musik aus der Renaissance, sowie\u00a0<\/span>St\u00fccke, die an diesem Tag zum ersten Mal erklingen werden;\u00a0Eigenkompositionen, sowie Werke von Thomas Tallis, John Sheppard und Richard Lloyd.<\/span><\/p>\n<p>&nbsp;<\/p>\n<p><span style=\"font-family: georgia, palatino, serif;\">u.a. mit Paula B\u00e4chli, Alma Naidu, Liliana Scotto, Julia Sanjurjo, Simon Pichol, Andreas Theobald<\/span><\/p>\n<p>&nbsp;<\/p>\n<p><em>St. Kolumba &#8211; Kapelle Madonna in den Tr\u00fcmmern, K\u00f6ln<\/em><\/p>\n<p>&nbsp;<\/p>","excerpt":"","slug":"lieder-von-dunkelheit-st-kolumba-koeln","image":{"url":"https:\/\/andreastheobald.com\/wp-content\/uploads\/2022\/11\/Zeichenfla\u0308che-1-e1730466674187.png","id":1634,"extension":"png","width":1309,"height":428,"filesize":138118,"sizes":{"medium":{"width":300,"height":98,"mime-type":"image\/png","filesize":15763,"url":"https:\/\/andreastheobald.com\/wp-content\/uploads\/2022\/11\/Zeichenfla\u0308che-1-e1730466674187-300x98.png"},"large":{"width":1024,"height":335,"mime-type":"image\/png","filesize":128352,"url":"https:\/\/andreastheobald.com\/wp-content\/uploads\/2022\/11\/Zeichenfla\u0308che-1-e1730466674187-1024x335.png"},"thumbnail":{"width":150,"height":150,"mime-type":"image\/png","filesize":12311,"url":"https:\/\/andreastheobald.com\/wp-content\/uploads\/2022\/11\/Zeichenfla\u0308che-1-e1730466674187-150x150.png"},"medium_large":{"width":768,"height":251,"mime-type":"image\/png","filesize":78744,"url":"https:\/\/andreastheobald.com\/wp-content\/uploads\/2022\/11\/Zeichenfla\u0308che-1-e1730466674187-768x251.png"},"Lucienne-home":{"width":900,"height":428,"mime-type":"image\/png","filesize":64728,"url":"https:\/\/andreastheobald.com\/wp-content\/uploads\/2022\/11\/Zeichenfla\u0308che-1-e1730466674187-900x428.png"},"Lucienne-header":{"width":1309,"height":400,"mime-type":"image\/png","filesize":83331,"url":"https:\/\/andreastheobald.com\/wp-content\/uploads\/2022\/11\/Zeichenfla\u0308che-1-e1730466674187-1309x400.png"},"Lucienne-carousel-pic":{"width":810,"height":428,"mime-type":"image\/png","filesize":59215,"url":"https:\/\/andreastheobald.com\/wp-content\/uploads\/2022\/11\/Zeichenfla\u0308che-1-e1730466674187-810x428.png"},"Lucienne-site-logo":{"width":918,"height":300,"mime-type":"image\/png","filesize":108276,"url":"https:\/\/andreastheobald.com\/wp-content\/uploads\/2022\/11\/Zeichenfla\u0308che-1-e1730466674187-918x300.png"}}},"all_day":false,"start_date":"2024-12-08 19:00:00","start_date_details":{"year":"2024","month":"12","day":"08","hour":"19","minutes":"00","seconds":"00"},"end_date":"2024-12-08 20:00:00","end_date_details":{"year":"2024","month":"12","day":"08","hour":"20","minutes":"00","seconds":"00"},"utc_start_date":"2024-12-08 18:00:00","utc_start_date_details":{"year":"2024","month":"12","day":"08","hour":"18","minutes":"00","seconds":"00"},"utc_end_date":"2024-12-08 19:00:00","utc_end_date_details":{"year":"2024","month":"12","day":"08","hour":"19","minutes":"00","seconds":"00"},"timezone":"Europe\/Berlin","timezone_abbr":"CET","cost":"","cost_details":{"currency_symbol":"$","currency_code":"USD","currency_position":"prefix","values":[]},"website":"","show_map":false,"show_map_link":true,"hide_from_listings":false,"sticky":false,"featured":false,"categories":[],"tags":[],"venue":{"id":2277,"author":"1","status":"publish","date":"2024-11-14 15:27:12","date_utc":"2024-11-14 14:27:12","modified":"2024-11-14 15:27:12","modified_utc":"2024-11-14 14:27:12","url":"https:\/\/andreastheobald.com\/en\/tribe_venue\/st-kolumba-kapelle-madonna-in-den-truemmern-koeln","venue":"St. Kolumba - Kapelle Madonna in den Tr\u00fcmmern K\u00f6ln","slug":"st-kolumba-kapelle-madonna-in-den-truemmern-koeln","json_ld":{"@type":"Place","name":"St. Kolumba - Kapelle Madonna in den Tr\u00fcmmern K\u00f6ln","description":"","url":"","address":{"@type":"PostalAddress"},"telephone":"","sameAs":""},"show_map":false,"show_map_link":false,"global_id":"andreastheobald.com\/en\/?id=2277","global_id_lineage":["andreastheobald.com\/en\/?id=2277"]},"organizer":[],"custom_fields":[],"json_ld":{"@context":"http:\/\/schema.org","@type":"Event","name":"Lieder. Von Dunkelheit. - St. Kolumba K\u00f6ln","description":"&lt;p&gt;Lieder. Von Dunkelheit. In einem kontemplativ-experimentellen Konzert widmen sich acht S\u00e4nger*innen einer ambivalenten Zeit, dem Advent. Im Alltag von weihnachtlichen Kitsch und Gloria \u00fcberschattet, sind es doch eigentlich die Zwischent\u00f6ne, [&hellip;]&lt;\/p&gt;\\n","image":"https:\/\/andreastheobald.com\/wp-content\/uploads\/2022\/11\/Zeichenfla\u0308che-1-e1730466674187.png","url":"https:\/\/andreastheobald.com\/en\/tribe_events\/lieder-von-dunkelheit-st-kolumba-koeln\/","eventAttendanceMode":"https:\/\/schema.org\/OfflineEventAttendanceMode","eventStatus":"https:\/\/schema.org\/EventScheduled","startDate":"2024-12-08T19:00:00+01:00","endDate":"2024-12-08T20:00:00+01:00","location":{"@type":"Place","name":"St. Kolumba - Kapelle Madonna in den Tr\u00fcmmern K\u00f6ln","description":"","url":"","address":{"@type":"PostalAddress"},"telephone":"","sameAs":""},"performer":"Organization"}}